{"id":249883,"date":"2022-02-11T13:07:37","date_gmt":"2022-02-11T11:07:37","guid":{"rendered":"http:\/\/107.6.182.27\/tr\/?p=249883"},"modified":"2022-02-13T08:55:33","modified_gmt":"2022-02-13T06:55:33","slug":"slovakyadaki-suriyeli-gurbetciler-ve-ogrenciler-israilin-sam-cevresine-yonelik-saldirganligi-uluslararasi-yasalarin-acik-bir-ihlalidir","status":"publish","type":"post","link":"https:\/\/archive.sana.sy\/tr\/?p=249883","title":{"rendered":"Slovakya&#8217;daki Suriyeli Gurbet\u00e7iler ve \u00f6\u011frenciler: \u0130srail&#8217;in \u015eam \u00c7evresine Y\u00f6nelik Sald\u0131rganl\u0131\u011f\u0131n\u0131 K\u0131n\u0131yor"},"content":{"rendered":"<p>BRATISLAVA \u2013 Slovakya&#8217;daki Suriyeli Gurbet\u00e7iler ve \u00f6\u011frenciler, \u0130srail&#8217;in \u015eam kenti yak\u0131nlar\u0131ndaki b\u00f6lgelere y\u00f6nelik sald\u0131r\u0131s\u0131n\u0131 k\u0131narken, bunun uluslararas\u0131 yasalar\u0131n a\u00e7\u0131k bir ihlali oldu\u011funu vurgulad\u0131.<\/p>\n<p>Suriyeli Gurbet\u00e7iler ve \u00f6\u011frenciler bug\u00fcn yapt\u0131klar\u0131 ortak a\u00e7\u0131klamada, Bat\u0131 \u00fclkelerinin insan haklar\u0131 ve uluslararas\u0131 hukuk konusundaki ikiy\u00fczl\u00fcl\u00fc\u011f\u00fcn\u00fc ortaya \u00e7\u0131karan ve onlar\u0131 bu su\u00e7lar\u0131n sorumlulu\u011funda ortak yapan Suriye&#8217;deki ter\u00f6r gruplar\u0131na hizmet eden Siyonist varl\u0131\u011f\u0131n canice sald\u0131r\u0131lar\u0131na kar\u015f\u0131 Bat\u0131&#8217;n\u0131n sessizli\u011fini k\u0131nad\u0131.<\/p>\n<p>a\u00e7\u0131klamada, \u0130srail d\u00fc\u015fman\u0131 ve ter\u00f6r \u00f6rg\u00fctlerinin anavatanlar\u0131na y\u00f6nelik sald\u0131r\u0131 ve su\u00e7 eylemlerinin, e\u011fitimlerini s\u00fcrd\u00fcrme kararl\u0131l\u0131klar\u0131n\u0131 cayd\u0131rmayaca\u011f\u0131, ancak b\u00f6lgedeki Amerikan, Siyonist ve ter\u00f6rist projeler kar\u015f\u0131s\u0131nda vatana, liderli\u011fine ve ordusuna ba\u011fl\u0131l\u0131k ve ba\u011fl\u0131l\u0131klar\u0131nda g\u00fc\u00e7 ve sa\u011flaml\u0131klar\u0131n\u0131 art\u0131racakt\u0131r.<\/p>\n<p>&nbsp;<\/p>\n","protected":false},"excerpt":{"rendered":"<p>BRATISLAVA \u2013 Slovakya&#8217;daki Suriyeli Gurbet\u00e7iler ve \u00f6\u011frenciler, \u0130srail&#8217;in \u015eam kenti yak\u0131nlar\u0131ndaki b\u00f6lgelere y\u00f6nelik sald\u0131r\u0131s\u0131n\u0131 k\u0131narken, bunun uluslararas\u0131 yasalar\u0131n a\u00e7\u0131k bir ihlali oldu\u011funu vurgulad\u0131. Suriyeli Gurbet\u00e7iler ve \u00f6\u011frenciler bug\u00fcn yapt\u0131klar\u0131 ortak a\u00e7\u0131klamada, Bat\u0131 \u00fclkelerinin insan haklar\u0131 ve uluslararas\u0131 hukuk konusundaki ikiy\u00fczl\u00fcl\u00fc\u011f\u00fcn\u00fc ortaya \u00e7\u0131karan ve onlar\u0131 bu su\u00e7lar\u0131n sorumlulu\u011funda ortak yapan Suriye&#8217;deki ter\u00f6r gruplar\u0131na hizmet eden Siyonist &hellip;<\/p>\n","protected":false},"author":36,"featured_media":249884,"comment_status":"closed","ping_status":"closed","sticky":false,"template":"","format":"standard","meta":{"footnotes":""},"categories":[458,459,17988],"tags":[],"class_list":["post-249883","post","type-post","status-publish","format-standard","has-post-thumbnail","","category-dunya1","category-haberler-arap-uluslararasi-politika","category-son-haberler"],"_links":{"self":[{"href":"https:\/\/archive.sana.sy\/tr\/index.php?rest_route=\/wp\/v2\/posts\/249883","targetHints":{"allow":["GET"]}}],"collection":[{"href":"https:\/\/archive.sana.sy\/tr\/index.php?rest_route=\/wp\/v2\/posts"}],"about":[{"href":"https:\/\/archive.sana.sy\/tr\/index.php?rest_route=\/wp\/v2\/types\/post"}],"author":[{"embeddable":true,"href":"https:\/\/archive.sana.sy\/tr\/index.php?rest_route=\/wp\/v2\/users\/36"}],"replies":[{"embeddable":true,"href":"https:\/\/archive.sana.sy\/tr\/index.php?rest_route=%2Fwp%2Fv2%2Fcomments&post=249883"}],"version-history":[{"count":0,"href":"https:\/\/archive.sana.sy\/tr\/index.php?rest_route=\/wp\/v2\/posts\/249883\/revisions"}],"wp:featuredmedia":[{"embeddable":true,"href":"https:\/\/archive.sana.sy\/tr\/index.php?rest_route=\/wp\/v2\/media\/249884"}],"wp:attachment":[{"href":"https:\/\/archive.sana.sy\/tr\/index.php?rest_route=%2Fwp%2Fv2%2Fmedia&parent=249883"}],"wp:term":[{"taxonomy":"category","embeddable":true,"href":"https:\/\/archive.sana.sy\/tr\/index.php?rest_route=%2Fwp%2Fv2%2Fcategories&post=249883"},{"taxonomy":"post_tag","embeddable":true,"href":"https:\/\/archive.sana.sy\/tr\/index.php?rest_route=%2Fwp%2Fv2%2Ftags&post=249883"}],"curies":[{"name":"wp","href":"https:\/\/api.w.org\/{rel}","templated":true}]}}