{"id":249890,"date":"2022-02-12T11:35:11","date_gmt":"2022-02-12T09:35:11","guid":{"rendered":"http:\/\/107.6.182.27\/tr\/?p=249890"},"modified":"2022-02-13T08:55:44","modified_gmt":"2022-02-13T06:55:44","slug":"dsg-milislerinin-dayattigi-engellere-ragmen-rakkadaki-cozum-sureci-devam-ediyor-3","status":"publish","type":"post","link":"https:\/\/archive.sana.sy\/tr\/?p=249890","title":{"rendered":"DSG Milislerinin Dayatt\u0131\u011f\u0131 Engellere Ra\u011fmen.. Rakka\u2019daki \u00c7\u00f6z\u00fcm S\u00fcreci Devam Ediyor"},"content":{"rendered":"<p>RAKKA \u2013 Rakka k\u0131rsal\u0131n\u0131n do\u011fusunda yer alan El Sabha beldesinin merkezindeki ilgili komiteler bug\u00fcn, yirmi dokuzuncu g\u00fcn boyunca valili\u011fin \u00e7e\u015fitli b\u00f6lgelerinden aranan ki\u015filerin durumlar\u0131n\u0131 d\u00fczeltmeye devam etti.<\/p>\n<p>SANA muhabiri, durumlar\u0131n\u0131 d\u00fczeltmek isteyenlerin, ayr\u0131l\u0131k\u00e7\u0131 &#8220;DSG&#8221; milislerinin engellerine meydan okudu\u011funu ve her g\u00fcn merkeze ak\u0131n etti\u011fini belirtti.<\/p>\n<div id='gallery-1' class='gallery galleryid-249890 gallery-columns-3 gallery-size-full'><figure class='gallery-item'>\n\t\t\t<div class='gallery-icon landscape'>\n\t\t\t\t<a href='https:\/\/archive.sana.sy\/tr\/wp-content\/uploads\/2022\/02\/raka11-1.jpg'><img loading=\"lazy\" decoding=\"async\" width=\"660\" height=\"370\" src=\"https:\/\/archive.sana.sy\/tr\/wp-content\/uploads\/2022\/02\/raka11-1.jpg\" class=\"attachment-full size-full\" alt=\"\" srcset=\"https:\/\/archive.sana.sy\/tr\/wp-content\/uploads\/2022\/02\/raka11-1.jpg 660w, https:\/\/archive.sana.sy\/tr\/wp-content\/uploads\/2022\/02\/raka11-1-300x168.jpg 300w, https:\/\/archive.sana.sy\/tr\/wp-content\/uploads\/2022\/02\/raka11-1-150x84.jpg 150w\" sizes=\"auto, (max-width: 660px) 100vw, 660px\" \/><\/a>\n\t\t\t<\/div><\/figure><figure class='gallery-item'>\n\t\t\t<div class='gallery-icon landscape'>\n\t\t\t\t<a href='https:\/\/archive.sana.sy\/tr\/wp-content\/uploads\/2022\/02\/raka12-1.jpg'><img loading=\"lazy\" decoding=\"async\" width=\"660\" height=\"370\" src=\"https:\/\/archive.sana.sy\/tr\/wp-content\/uploads\/2022\/02\/raka12-1.jpg\" class=\"attachment-full size-full\" alt=\"\" srcset=\"https:\/\/archive.sana.sy\/tr\/wp-content\/uploads\/2022\/02\/raka12-1.jpg 660w, https:\/\/archive.sana.sy\/tr\/wp-content\/uploads\/2022\/02\/raka12-1-300x168.jpg 300w, https:\/\/archive.sana.sy\/tr\/wp-content\/uploads\/2022\/02\/raka12-1-150x84.jpg 150w\" sizes=\"auto, (max-width: 660px) 100vw, 660px\" \/><\/a>\n\t\t\t<\/div><\/figure><figure class='gallery-item'>\n\t\t\t<div class='gallery-icon landscape'>\n\t\t\t\t<a href='https:\/\/archive.sana.sy\/tr\/wp-content\/uploads\/2022\/02\/raka14.jpg'><img loading=\"lazy\" decoding=\"async\" width=\"660\" height=\"370\" src=\"https:\/\/archive.sana.sy\/tr\/wp-content\/uploads\/2022\/02\/raka14.jpg\" class=\"attachment-full size-full\" alt=\"\" srcset=\"https:\/\/archive.sana.sy\/tr\/wp-content\/uploads\/2022\/02\/raka14.jpg 660w, https:\/\/archive.sana.sy\/tr\/wp-content\/uploads\/2022\/02\/raka14-300x168.jpg 300w, https:\/\/archive.sana.sy\/tr\/wp-content\/uploads\/2022\/02\/raka14-150x84.jpg 150w\" sizes=\"auto, (max-width: 660px) 100vw, 660px\" \/><\/a>\n\t\t\t<\/div><\/figure>\n\t\t<\/div>\n\n","protected":false},"excerpt":{"rendered":"<p>RAKKA \u2013 Rakka k\u0131rsal\u0131n\u0131n do\u011fusunda yer alan El Sabha beldesinin merkezindeki ilgili komiteler bug\u00fcn, yirmi dokuzuncu g\u00fcn boyunca valili\u011fin \u00e7e\u015fitli b\u00f6lgelerinden aranan ki\u015filerin durumlar\u0131n\u0131 d\u00fczeltmeye devam etti. SANA muhabiri, durumlar\u0131n\u0131 d\u00fczeltmek isteyenlerin, ayr\u0131l\u0131k\u00e7\u0131 &#8220;DSG&#8221; milislerinin engellerine meydan okudu\u011funu ve her g\u00fcn merkeze ak\u0131n etti\u011fini belirtti.<\/p>\n","protected":false},"author":36,"featured_media":249894,"comment_status":"closed","ping_status":"closed","sticky":false,"template":"","format":"standard","meta":{"footnotes":""},"categories":[596,479,17988,478],"tags":[],"class_list":["post-249890","post","type-post","status-publish","format-standard","has-post-thumbnail","","category-fotografli-raporlar","category-haberler-yerel","category-son-haberler","category-yerel"],"_links":{"self":[{"href":"https:\/\/archive.sana.sy\/tr\/index.php?rest_route=\/wp\/v2\/posts\/249890","targetHints":{"allow":["GET"]}}],"collection":[{"href":"https:\/\/archive.sana.sy\/tr\/index.php?rest_route=\/wp\/v2\/posts"}],"about":[{"href":"https:\/\/archive.sana.sy\/tr\/index.php?rest_route=\/wp\/v2\/types\/post"}],"author":[{"embeddable":true,"href":"https:\/\/archive.sana.sy\/tr\/index.php?rest_route=\/wp\/v2\/users\/36"}],"replies":[{"embeddable":true,"href":"https:\/\/archive.sana.sy\/tr\/index.php?rest_route=%2Fwp%2Fv2%2Fcomments&post=249890"}],"version-history":[{"count":0,"href":"https:\/\/archive.sana.sy\/tr\/index.php?rest_route=\/wp\/v2\/posts\/249890\/revisions"}],"wp:featuredmedia":[{"embeddable":true,"href":"https:\/\/archive.sana.sy\/tr\/index.php?rest_route=\/wp\/v2\/media\/249894"}],"wp:attachment":[{"href":"https:\/\/archive.sana.sy\/tr\/index.php?rest_route=%2Fwp%2Fv2%2Fmedia&parent=249890"}],"wp:term":[{"taxonomy":"category","embeddable":true,"href":"https:\/\/archive.sana.sy\/tr\/index.php?rest_route=%2Fwp%2Fv2%2Fcategories&post=249890"},{"taxonomy":"post_tag","embeddable":true,"href":"https:\/\/archive.sana.sy\/tr\/index.php?rest_route=%2Fwp%2Fv2%2Ftags&post=249890"}],"curies":[{"name":"wp","href":"https:\/\/api.w.org\/{rel}","templated":true}]}}