{"id":249896,"date":"2022-02-12T11:41:52","date_gmt":"2022-02-12T09:41:52","guid":{"rendered":"http:\/\/107.6.182.27\/tr\/?p=249896"},"modified":"2022-02-13T08:55:51","modified_gmt":"2022-02-13T06:55:51","slug":"onlarca-aranan-kisi-darayadaki-uzlasma-merkezine-akin-etti","status":"publish","type":"post","link":"https:\/\/archive.sana.sy\/tr\/?p=249896","title":{"rendered":"\u015eam K\u0131rsal\u0131 Dareyya&#8217;da Onlarca Aranan Ki\u015fi Uzla\u015fma S\u00fcrecine Kat\u0131ld\u0131"},"content":{"rendered":"<p style=\"text-align: justify;\">\u015eAM KIRSALI &#8211; \u015eam&#8217;\u0131n g\u00fcneybat\u0131 k\u0131rsal\u0131ndaki Dareyya kentinde, arananlar, askerli\u011fe gitmeyenler, ihtiyati ve zorunlu askerlik g\u00f6revlerinden firar edenlerin durumlar\u0131n\u0131n d\u00fczeltilmesi amac\u0131yla bir \u00f6nceki g\u00fcn \u015fehir merkezindeki Sekizinci Okul Binas\u0131nda yetkililer taraf\u0131ndan a\u00e7\u0131lan merkezde uzla\u015fma s\u00fcreci devam etti.<\/p>\n<p style=\"text-align: justify;\">SANA muhabiri, devletin do\u011fru yoldan ayr\u0131lanlar\u0131 do\u011fru yola d\u00f6nd\u00fcrmek, topluma kazand\u0131rmak ve normalle\u015fmek i\u00e7in yapt\u0131\u011f\u0131 anla\u015fmaya g\u00f6re bug\u00fcn onlarca kentlinin durumlar\u0131n\u0131 halletmek i\u00e7in merkeze ak\u0131n etti\u011fini belirtti.<\/p>\n<p style=\"text-align: justify;\">Dareyya Belediye Ba\u015fkan\u0131 Mervan Obeyd SANA muhabirine yapt\u0131\u011f\u0131 a\u00e7\u0131klamada, &#8220;Ge\u00e7en Per\u015fembe g\u00fcn\u00fc yetkililer aranan ve firar etmi\u015f 241 ki\u015finin durumlar\u0131n\u0131 d\u00fczeltti\u011fine, bug\u00fcn de onlar\u0131n bilin\u00e7lenmesi ve \u00e7al\u0131\u015fmalar\u0131 sonucunda onlarca ki\u015finin bu uzla\u015fma d\u00fcrecine kat\u0131ld\u0131klar\u0131na tan\u0131k oluyoruz, bu kat\u0131lanlar\u0131n normal insanlar olarak \u00e7al\u0131\u015fma ve ya\u015famaya \u00f6zen g\u00f6sterdiklerini, vaan ve vatanda\u015fa zarar verecek her \u015feyden uzak durma niyetlerini g\u00f6sterdi\u011fini, \u015fu andaki uzla\u015fma eyleminin askeri yarg\u0131 i\u015fraf\u0131 alt\u0131nda kapsaml\u0131 oldu\u011funu dile getirdi.<\/p>\n<p style=\"text-align: justify;\">Durumunu d\u00fczeltenlerden Samir el Karh, devletin her alanda uzla\u015fmay\u0131 tamamlamak i\u00e7in g\u00f6sterdi\u011fi b\u00fcy\u00fck \u00e7abay\u0131 \u00f6verek, Suriye halk\u0131 i\u00e7in &#8220;her \u015feyin \u00fcst\u00fcnde vatan&#8221; bilincinin bir g\u00f6stergesi oldu\u011funu s\u00f6yledi. Semir Odeh ise \u201cYenilenmi\u015f bir Suriye&#8217;yi yeniden in\u015fa etmek i\u00e7in yeni bir bo\u015f sayfa \u00e7evirmeye kand\u0131r\u0131lan\u201d gen\u00e7leri geri d\u00f6nmeye \u00e7a\u011f\u0131rd\u0131.<\/p>\n<p style=\"text-align: justify;\">Durumunu \u00e7\u00f6zen bir\u00e7ok ki\u015fi, kendileriyle i\u015f birli\u011fi yapan ve normal hayatlar\u0131na d\u00f6nmelerine katk\u0131da bulunan yetkililerin kendilerine sa\u011flad\u0131\u011f\u0131 rahatl\u0131\u011f\u0131 da \u00f6verek, bu ad\u0131m\u0131n vatan\u0131n\u0131 terk etmeyen vatan\u0131 korumak i\u00e7in do\u011fru bir se\u00e7im oldu\u011funu vurgulad\u0131.<\/p>\n<div id='gallery-1' class='gallery galleryid-249896 gallery-columns-2 gallery-size-full'><figure class='gallery-item'>\n\t\t\t<div class='gallery-icon landscape'>\n\t\t\t\t<a href='https:\/\/archive.sana.sy\/tr\/wp-content\/uploads\/2022\/02\/daraya12.jpg'><img loading=\"lazy\" decoding=\"async\" width=\"660\" height=\"370\" src=\"https:\/\/archive.sana.sy\/tr\/wp-content\/uploads\/2022\/02\/daraya12.jpg\" class=\"attachment-full size-full\" alt=\"\" srcset=\"https:\/\/archive.sana.sy\/tr\/wp-content\/uploads\/2022\/02\/daraya12.jpg 660w, https:\/\/archive.sana.sy\/tr\/wp-content\/uploads\/2022\/02\/daraya12-300x168.jpg 300w, https:\/\/archive.sana.sy\/tr\/wp-content\/uploads\/2022\/02\/daraya12-150x84.jpg 150w\" sizes=\"auto, (max-width: 660px) 100vw, 660px\" \/><\/a>\n\t\t\t<\/div><\/figure><figure class='gallery-item'>\n\t\t\t<div class='gallery-icon landscape'>\n\t\t\t\t<a href='https:\/\/archive.sana.sy\/tr\/wp-content\/uploads\/2022\/02\/daraya13.jpg'><img loading=\"lazy\" decoding=\"async\" width=\"660\" height=\"370\" src=\"https:\/\/archive.sana.sy\/tr\/wp-content\/uploads\/2022\/02\/daraya13.jpg\" class=\"attachment-full size-full\" alt=\"\" srcset=\"https:\/\/archive.sana.sy\/tr\/wp-content\/uploads\/2022\/02\/daraya13.jpg 660w, https:\/\/archive.sana.sy\/tr\/wp-content\/uploads\/2022\/02\/daraya13-300x168.jpg 300w, https:\/\/archive.sana.sy\/tr\/wp-content\/uploads\/2022\/02\/daraya13-150x84.jpg 150w\" sizes=\"auto, (max-width: 660px) 100vw, 660px\" \/><\/a>\n\t\t\t<\/div><\/figure>\n\t\t<\/div>\n\n","protected":false},"excerpt":{"rendered":"<p>\u015eAM KIRSALI &#8211; \u015eam&#8217;\u0131n g\u00fcneybat\u0131 k\u0131rsal\u0131ndaki Dareyya kentinde, arananlar, askerli\u011fe gitmeyenler, ihtiyati ve zorunlu askerlik g\u00f6revlerinden firar edenlerin durumlar\u0131n\u0131n d\u00fczeltilmesi amac\u0131yla bir \u00f6nceki g\u00fcn \u015fehir merkezindeki Sekizinci Okul Binas\u0131nda yetkililer taraf\u0131ndan a\u00e7\u0131lan merkezde uzla\u015fma s\u00fcreci devam etti. SANA muhabiri, devletin do\u011fru yoldan ayr\u0131lanlar\u0131 do\u011fru yola d\u00f6nd\u00fcrmek, topluma kazand\u0131rmak ve normalle\u015fmek i\u00e7in yapt\u0131\u011f\u0131 anla\u015fmaya g\u00f6re bug\u00fcn &hellip;<\/p>\n","protected":false},"author":36,"featured_media":249897,"comment_status":"closed","ping_status":"closed","sticky":false,"template":"","format":"standard","meta":{"footnotes":""},"categories":[596,479,17988,478],"tags":[],"class_list":["post-249896","post","type-post","status-publish","format-standard","has-post-thumbnail","","category-fotografli-raporlar","category-haberler-yerel","category-son-haberler","category-yerel"],"_links":{"self":[{"href":"https:\/\/archive.sana.sy\/tr\/index.php?rest_route=\/wp\/v2\/posts\/249896","targetHints":{"allow":["GET"]}}],"collection":[{"href":"https:\/\/archive.sana.sy\/tr\/index.php?rest_route=\/wp\/v2\/posts"}],"about":[{"href":"https:\/\/archive.sana.sy\/tr\/index.php?rest_route=\/wp\/v2\/types\/post"}],"author":[{"embeddable":true,"href":"https:\/\/archive.sana.sy\/tr\/index.php?rest_route=\/wp\/v2\/users\/36"}],"replies":[{"embeddable":true,"href":"https:\/\/archive.sana.sy\/tr\/index.php?rest_route=%2Fwp%2Fv2%2Fcomments&post=249896"}],"version-history":[{"count":0,"href":"https:\/\/archive.sana.sy\/tr\/index.php?rest_route=\/wp\/v2\/posts\/249896\/revisions"}],"wp:featuredmedia":[{"embeddable":true,"href":"https:\/\/archive.sana.sy\/tr\/index.php?rest_route=\/wp\/v2\/media\/249897"}],"wp:attachment":[{"href":"https:\/\/archive.sana.sy\/tr\/index.php?rest_route=%2Fwp%2Fv2%2Fmedia&parent=249896"}],"wp:term":[{"taxonomy":"category","embeddable":true,"href":"https:\/\/archive.sana.sy\/tr\/index.php?rest_route=%2Fwp%2Fv2%2Fcategories&post=249896"},{"taxonomy":"post_tag","embeddable":true,"href":"https:\/\/archive.sana.sy\/tr\/index.php?rest_route=%2Fwp%2Fv2%2Ftags&post=249896"}],"curies":[{"name":"wp","href":"https:\/\/api.w.org\/{rel}","templated":true}]}}