{"id":249901,"date":"2022-02-12T13:22:12","date_gmt":"2022-02-12T11:22:12","guid":{"rendered":"http:\/\/107.6.182.27\/tr\/?p=249901"},"modified":"2022-10-16T10:21:00","modified_gmt":"2022-10-16T07:21:00","slug":"uluslararasi-kanserli-cocuklar-gunu-munasebetiyle-lazkiyede-karnaval-yuruyusu-duzenlendi","status":"publish","type":"post","link":"https:\/\/archive.sana.sy\/tr\/?p=249901","title":{"rendered":"Uluslararas\u0131 Kanserli \u00c7ocuklar G\u00fcn\u00fc M\u00fcnasebetiyle Lazkiye&#8217;de Karnaval Y\u00fcr\u00fcy\u00fc\u015f\u00fc D\u00fczenlendi"},"content":{"rendered":"<p>LAZK\u0130YE \u2013 D\u00fcnya Kanserli \u00c7ocuklar\u0131 G\u00fcn\u00fc m\u00fcnasebetiyle bug\u00fcn Lazkiye kentinde (Kanserle sava\u015fmam\u0131za yard\u0131m edin) ba\u015fl\u0131kl\u0131 bir karnaval y\u00fcr\u00fcy\u00fc\u015f\u00fc d\u00fczenlendi.<\/p>\n<p>Karnavala \u00e7ok say\u0131da pop\u00fcler etkinlik ve sivil dernek kat\u0131ld\u0131.<\/p>\n<div id='gallery-1' class='gallery galleryid-249901 gallery-columns-1 gallery-size-full'><figure class='gallery-item'>\n\t\t\t<div class='gallery-icon landscape'>\n\t\t\t\t<a href='https:\/\/archive.sana.sy\/tr\/wp-content\/uploads\/2022\/02\/12-30.jpg'><img loading=\"lazy\" decoding=\"async\" width=\"660\" height=\"419\" src=\"https:\/\/archive.sana.sy\/tr\/wp-content\/uploads\/2022\/02\/12-30.jpg\" class=\"attachment-full size-full\" alt=\"\" srcset=\"https:\/\/archive.sana.sy\/tr\/wp-content\/uploads\/2022\/02\/12-30.jpg 660w, https:\/\/archive.sana.sy\/tr\/wp-content\/uploads\/2022\/02\/12-30-300x190.jpg 300w, https:\/\/archive.sana.sy\/tr\/wp-content\/uploads\/2022\/02\/12-30-150x95.jpg 150w\" sizes=\"auto, (max-width: 660px) 100vw, 660px\" \/><\/a>\n\t\t\t<\/div><\/figure><figure class='gallery-item'>\n\t\t\t<div class='gallery-icon landscape'>\n\t\t\t\t<a href='https:\/\/archive.sana.sy\/tr\/wp-content\/uploads\/2022\/02\/13-28.jpg'><img loading=\"lazy\" decoding=\"async\" width=\"660\" height=\"419\" src=\"https:\/\/archive.sana.sy\/tr\/wp-content\/uploads\/2022\/02\/13-28.jpg\" class=\"attachment-full size-full\" alt=\"\" srcset=\"https:\/\/archive.sana.sy\/tr\/wp-content\/uploads\/2022\/02\/13-28.jpg 660w, https:\/\/archive.sana.sy\/tr\/wp-content\/uploads\/2022\/02\/13-28-300x190.jpg 300w, https:\/\/archive.sana.sy\/tr\/wp-content\/uploads\/2022\/02\/13-28-150x95.jpg 150w\" sizes=\"auto, (max-width: 660px) 100vw, 660px\" \/><\/a>\n\t\t\t<\/div><\/figure><figure class='gallery-item'>\n\t\t\t<div class='gallery-icon landscape'>\n\t\t\t\t<a href='https:\/\/archive.sana.sy\/tr\/wp-content\/uploads\/2022\/02\/14-24.jpg'><img loading=\"lazy\" decoding=\"async\" width=\"660\" height=\"495\" src=\"https:\/\/archive.sana.sy\/tr\/wp-content\/uploads\/2022\/02\/14-24.jpg\" class=\"attachment-full size-full\" alt=\"\" srcset=\"https:\/\/archive.sana.sy\/tr\/wp-content\/uploads\/2022\/02\/14-24.jpg 660w, https:\/\/archive.sana.sy\/tr\/wp-content\/uploads\/2022\/02\/14-24-300x225.jpg 300w, https:\/\/archive.sana.sy\/tr\/wp-content\/uploads\/2022\/02\/14-24-150x113.jpg 150w\" sizes=\"auto, (max-width: 660px) 100vw, 660px\" \/><\/a>\n\t\t\t<\/div><\/figure><figure class='gallery-item'>\n\t\t\t<div class='gallery-icon landscape'>\n\t\t\t\t<a href='https:\/\/archive.sana.sy\/tr\/wp-content\/uploads\/2022\/02\/15-22.jpg'><img loading=\"lazy\" decoding=\"async\" width=\"660\" height=\"418\" src=\"https:\/\/archive.sana.sy\/tr\/wp-content\/uploads\/2022\/02\/15-22.jpg\" class=\"attachment-full size-full\" alt=\"\" srcset=\"https:\/\/archive.sana.sy\/tr\/wp-content\/uploads\/2022\/02\/15-22.jpg 660w, https:\/\/archive.sana.sy\/tr\/wp-content\/uploads\/2022\/02\/15-22-300x190.jpg 300w, https:\/\/archive.sana.sy\/tr\/wp-content\/uploads\/2022\/02\/15-22-150x95.jpg 150w\" sizes=\"auto, (max-width: 660px) 100vw, 660px\" \/><\/a>\n\t\t\t<\/div><\/figure>\n\t\t<\/div>\n\n","protected":false},"excerpt":{"rendered":"<p>LAZK\u0130YE \u2013 D\u00fcnya Kanserli \u00c7ocuklar\u0131 G\u00fcn\u00fc m\u00fcnasebetiyle bug\u00fcn Lazkiye kentinde (Kanserle sava\u015fmam\u0131za yard\u0131m edin) ba\u015fl\u0131kl\u0131 bir karnaval y\u00fcr\u00fcy\u00fc\u015f\u00fc d\u00fczenlendi. Karnavala \u00e7ok say\u0131da pop\u00fcler etkinlik ve sivil dernek kat\u0131ld\u0131.<\/p>\n","protected":false},"author":36,"featured_media":249906,"comment_status":"closed","ping_status":"closed","sticky":false,"template":"","format":"standard","meta":{"footnotes":""},"categories":[596,479,6459,17988,478],"tags":[],"class_list":["post-249901","post","type-post","status-publish","format-standard","has-post-thumbnail","","category-fotografli-raporlar","category-haberler-yerel","category-sana-fotolarl","category-son-haberler","category-yerel"],"_links":{"self":[{"href":"https:\/\/archive.sana.sy\/tr\/index.php?rest_route=\/wp\/v2\/posts\/249901","targetHints":{"allow":["GET"]}}],"collection":[{"href":"https:\/\/archive.sana.sy\/tr\/index.php?rest_route=\/wp\/v2\/posts"}],"about":[{"href":"https:\/\/archive.sana.sy\/tr\/index.php?rest_route=\/wp\/v2\/types\/post"}],"author":[{"embeddable":true,"href":"https:\/\/archive.sana.sy\/tr\/index.php?rest_route=\/wp\/v2\/users\/36"}],"replies":[{"embeddable":true,"href":"https:\/\/archive.sana.sy\/tr\/index.php?rest_route=%2Fwp%2Fv2%2Fcomments&post=249901"}],"version-history":[{"count":0,"href":"https:\/\/archive.sana.sy\/tr\/index.php?rest_route=\/wp\/v2\/posts\/249901\/revisions"}],"wp:featuredmedia":[{"embeddable":true,"href":"https:\/\/archive.sana.sy\/tr\/index.php?rest_route=\/wp\/v2\/media\/249906"}],"wp:attachment":[{"href":"https:\/\/archive.sana.sy\/tr\/index.php?rest_route=%2Fwp%2Fv2%2Fmedia&parent=249901"}],"wp:term":[{"taxonomy":"category","embeddable":true,"href":"https:\/\/archive.sana.sy\/tr\/index.php?rest_route=%2Fwp%2Fv2%2Fcategories&post=249901"},{"taxonomy":"post_tag","embeddable":true,"href":"https:\/\/archive.sana.sy\/tr\/index.php?rest_route=%2Fwp%2Fv2%2Ftags&post=249901"}],"curies":[{"name":"wp","href":"https:\/\/api.w.org\/{rel}","templated":true}]}}