{"id":249944,"date":"2022-02-12T21:22:22","date_gmt":"2022-02-12T19:22:22","guid":{"rendered":"http:\/\/107.6.182.27\/tr\/?p=249944"},"modified":"2022-02-14T08:14:05","modified_gmt":"2022-02-14T06:14:05","slug":"suriyeli-kosucu-imad-barakat-dubai-col-yarisinda-ikinci-oldu","status":"publish","type":"post","link":"https:\/\/archive.sana.sy\/tr\/?p=249944","title":{"rendered":"Suriyeli Ko\u015fucu \u0130mad Barakat Dubai \u00c7\u00f6l Yar\u0131\u015f\u0131&#8217;nda \u0130kinci Oldu"},"content":{"rendered":"<p style=\"text-align: justify;\">ABU DAB\u0130 \u2013 Suriyeli gurbet\u00e7i ko\u015fucu \u0130mad Barakat, d\u00fcnya ko\u015fucular\u0131n\u0131n geni\u015f kat\u0131l\u0131m\u0131yla altm\u0131\u015f y\u0131l kategorisinde Dubai \u00c7\u00f6l Yar\u0131\u015f\u0131&#8217;nda ikinci oldu.<\/p>\n<p style=\"text-align: justify;\">1963 \u015eam do\u011fumlu ko\u015fucu Barakat, 1999 y\u0131l\u0131nda Slovakya&#8217;ya yerle\u015fti.Slovak vatanda\u015fl\u0131\u011f\u0131na sahip olmas\u0131na ra\u011fmen, ana vatan\u0131 Suriye&#8217;yi uluslararas\u0131 maratonlarda temsil etmekte ve t\u00fcm yar\u0131\u015fmalarda bayra\u011f\u0131n\u0131 y\u00fckseltmekte \u0131srar ediyor.<\/p>\n<p style=\"text-align: justify;\">Barakat, 2013 y\u0131l\u0131nda 250 km&#8217;lik bir mesafe i\u00e7in Fas \u00e7\u00f6l yar\u0131\u015f\u0131nda d\u00fcnya \u015fampiyonlu\u011fu ba\u015fta olmak \u00fczere, Umman \u00e7\u00f6l yar\u0131\u015f\u0131nda d\u00fcnya \u015fampiyonas\u0131nda arka arkaya d\u00f6rt kez 165 km&#8217;lik bir mesafe i\u00e7in ikinci, 75 km&#8217;lik bir mesafe i\u00e7in Avusturya Uluslararas\u0131 Maratonu&#8217;nda d\u00f6rd\u00fcnc\u00fc olup Slovakya ve di\u011fer Avrupa \u00fclkelerinde d\u00fczenlenen maraton yar\u0131\u015flar\u0131nda yedi y\u0131l \u00fc\u00e7\u00fcnc\u00fcl\u00fc\u011f\u00fc kazanarak bir\u00e7ok ba\u015far\u0131ya imza att\u0131.<\/p>\n","protected":false},"excerpt":{"rendered":"<p>ABU DAB\u0130 \u2013 Suriyeli gurbet\u00e7i ko\u015fucu \u0130mad Barakat, d\u00fcnya ko\u015fucular\u0131n\u0131n geni\u015f kat\u0131l\u0131m\u0131yla altm\u0131\u015f y\u0131l kategorisinde Dubai \u00c7\u00f6l Yar\u0131\u015f\u0131&#8217;nda ikinci oldu. 1963 \u015eam do\u011fumlu ko\u015fucu Barakat, 1999 y\u0131l\u0131nda Slovakya&#8217;ya yerle\u015fti.Slovak vatanda\u015fl\u0131\u011f\u0131na sahip olmas\u0131na ra\u011fmen, ana vatan\u0131 Suriye&#8217;yi uluslararas\u0131 maratonlarda temsil etmekte ve t\u00fcm yar\u0131\u015fmalarda bayra\u011f\u0131n\u0131 y\u00fckseltmekte \u0131srar ediyor. Barakat, 2013 y\u0131l\u0131nda 250 km&#8217;lik bir mesafe i\u00e7in &hellip;<\/p>\n","protected":false},"author":1,"featured_media":249945,"comment_status":"closed","ping_status":"closed","sticky":false,"template":"","format":"standard","meta":{"footnotes":""},"categories":[498,17988,496],"tags":[],"class_list":["post-249944","post","type-post","status-publish","format-standard","has-post-thumbnail","","category-dunya-turnuvalari","category-son-haberler","category-spor"],"_links":{"self":[{"href":"https:\/\/archive.sana.sy\/tr\/index.php?rest_route=\/wp\/v2\/posts\/249944","targetHints":{"allow":["GET"]}}],"collection":[{"href":"https:\/\/archive.sana.sy\/tr\/index.php?rest_route=\/wp\/v2\/posts"}],"about":[{"href":"https:\/\/archive.sana.sy\/tr\/index.php?rest_route=\/wp\/v2\/types\/post"}],"author":[{"embeddable":true,"href":"https:\/\/archive.sana.sy\/tr\/index.php?rest_route=\/wp\/v2\/users\/1"}],"replies":[{"embeddable":true,"href":"https:\/\/archive.sana.sy\/tr\/index.php?rest_route=%2Fwp%2Fv2%2Fcomments&post=249944"}],"version-history":[{"count":0,"href":"https:\/\/archive.sana.sy\/tr\/index.php?rest_route=\/wp\/v2\/posts\/249944\/revisions"}],"wp:featuredmedia":[{"embeddable":true,"href":"https:\/\/archive.sana.sy\/tr\/index.php?rest_route=\/wp\/v2\/media\/249945"}],"wp:attachment":[{"href":"https:\/\/archive.sana.sy\/tr\/index.php?rest_route=%2Fwp%2Fv2%2Fmedia&parent=249944"}],"wp:term":[{"taxonomy":"category","embeddable":true,"href":"https:\/\/archive.sana.sy\/tr\/index.php?rest_route=%2Fwp%2Fv2%2Fcategories&post=249944"},{"taxonomy":"post_tag","embeddable":true,"href":"https:\/\/archive.sana.sy\/tr\/index.php?rest_route=%2Fwp%2Fv2%2Ftags&post=249944"}],"curies":[{"name":"wp","href":"https:\/\/api.w.org\/{rel}","templated":true}]}}