{"id":249953,"date":"2022-02-13T12:43:07","date_gmt":"2022-02-13T10:43:07","guid":{"rendered":"http:\/\/107.6.182.27\/tr\/?p=249953"},"modified":"2022-02-13T19:12:44","modified_gmt":"2022-02-13T17:12:44","slug":"el-sabha-merkezindeki-uzlasma-sureci-devam-ediyor","status":"publish","type":"post","link":"https:\/\/archive.sana.sy\/tr\/?p=249953","title":{"rendered":"El Sabha Merkezindeki Uzla\u015fma S\u00fcreci Devam Ediyor"},"content":{"rendered":"<p>RAKKA \u2013 Rakka k\u0131rsal\u0131n\u0131n do\u011fusunda yer alan El Sabha beldesinde uzla\u015fma s\u00fcreci devam ediyor.<\/p>\n<p>SANA muhabiri, Rakka k\u0131rsal\u0131ndaki El Sabha merkezindeki \u00a0uzla\u015fma komitelerinin, devlet taraf\u0131ndan \u00f6nerilen anla\u015fmalar \u00e7er\u00e7evesinde \u00e7\u00f6z\u00fcm s\u00fcrecine kat\u0131lmak isteyenleri kabul etmeye devam etti\u011fini belirtti.<\/p>\n","protected":false},"excerpt":{"rendered":"<p>RAKKA \u2013 Rakka k\u0131rsal\u0131n\u0131n do\u011fusunda yer alan El Sabha beldesinde uzla\u015fma s\u00fcreci devam ediyor. SANA muhabiri, Rakka k\u0131rsal\u0131ndaki El Sabha merkezindeki \u00a0uzla\u015fma komitelerinin, devlet taraf\u0131ndan \u00f6nerilen anla\u015fmalar \u00e7er\u00e7evesinde \u00e7\u00f6z\u00fcm s\u00fcrecine kat\u0131lmak isteyenleri kabul etmeye devam etti\u011fini belirtti.<\/p>\n","protected":false},"author":36,"featured_media":249954,"comment_status":"closed","ping_status":"closed","sticky":false,"template":"","format":"standard","meta":{"footnotes":""},"categories":[1],"tags":[],"class_list":["post-249953","post","type-post","status-publish","format-standard","has-post-thumbnail","","category-news-not-sorted"],"_links":{"self":[{"href":"https:\/\/archive.sana.sy\/tr\/index.php?rest_route=\/wp\/v2\/posts\/249953","targetHints":{"allow":["GET"]}}],"collection":[{"href":"https:\/\/archive.sana.sy\/tr\/index.php?rest_route=\/wp\/v2\/posts"}],"about":[{"href":"https:\/\/archive.sana.sy\/tr\/index.php?rest_route=\/wp\/v2\/types\/post"}],"author":[{"embeddable":true,"href":"https:\/\/archive.sana.sy\/tr\/index.php?rest_route=\/wp\/v2\/users\/36"}],"replies":[{"embeddable":true,"href":"https:\/\/archive.sana.sy\/tr\/index.php?rest_route=%2Fwp%2Fv2%2Fcomments&post=249953"}],"version-history":[{"count":0,"href":"https:\/\/archive.sana.sy\/tr\/index.php?rest_route=\/wp\/v2\/posts\/249953\/revisions"}],"wp:featuredmedia":[{"embeddable":true,"href":"https:\/\/archive.sana.sy\/tr\/index.php?rest_route=\/wp\/v2\/media\/249954"}],"wp:attachment":[{"href":"https:\/\/archive.sana.sy\/tr\/index.php?rest_route=%2Fwp%2Fv2%2Fmedia&parent=249953"}],"wp:term":[{"taxonomy":"category","embeddable":true,"href":"https:\/\/archive.sana.sy\/tr\/index.php?rest_route=%2Fwp%2Fv2%2Fcategories&post=249953"},{"taxonomy":"post_tag","embeddable":true,"href":"https:\/\/archive.sana.sy\/tr\/index.php?rest_route=%2Fwp%2Fv2%2Ftags&post=249953"}],"curies":[{"name":"wp","href":"https:\/\/api.w.org\/{rel}","templated":true}]}}