{"id":24997,"date":"2015-02-27T11:57:39","date_gmt":"2015-02-27T09:57:39","guid":{"rendered":"http:\/\/www.sana.sy\/tr\/?p=24997"},"modified":"2015-02-27T11:57:39","modified_gmt":"2015-02-27T09:57:39","slug":"sukri-suriye-krizi-diyalog-ve-ulusal-egemenlik-temelinde-cozulmelidir","status":"publish","type":"post","link":"https:\/\/archive.sana.sy\/tr\/?p=24997","title":{"rendered":"\u015e\u00fckri: Suriye Krizi Diyalog ve Ulusal Egemenlik Temelinde \u00c7\u00f6z\u00fclmelidir"},"content":{"rendered":"<p>MOSKOVA \u2013 M\u0131s\u0131r D\u0131\u015fi\u015fleri Bakan\u0131 Samih \u015e\u00fckri Suriye&#8217;de ya\u015fanmakta olan krizin diyalog ve Suriye devletinin egemenli\u011finin korunmas\u0131 temelinde siyasi bir \u00e7\u00f6z\u00fcme kavu\u015fturulmas\u0131 gere\u011fini dile getirdi.<\/p>\n<p>Rusya Today Televizyonuna d\u00fcn bir r\u00f6portaj veren \u015e\u00fckri; Suriye krizinin \u00e7\u00f6z\u00fcm\u00fcn\u00fcn uluslararas\u0131 kanunlar kapsam\u0131nda gelmesi gerekti\u011fine dikkat \u00e7ekerek ter\u00f6rle m\u00fccadelenin uluslararas\u0131 toplumun b\u00fct\u00fcn\u00fcn\u00fcn g\u00f6revi oldu\u011funu belirtti.<\/p>\n<p>F.B. &#8211; R.H.<\/p>\n","protected":false},"excerpt":{"rendered":"<p>MOSKOVA \u2013 M\u0131s\u0131r D\u0131\u015fi\u015fleri Bakan\u0131 Samih \u015e\u00fckri Suriye&#8217;de ya\u015fanmakta olan krizin diyalog ve Suriye devletinin egemenli\u011finin korunmas\u0131 temelinde siyasi bir \u00e7\u00f6z\u00fcme kavu\u015fturulmas\u0131 gere\u011fini dile getirdi. Rusya Today Televizyonuna d\u00fcn bir r\u00f6portaj veren \u015e\u00fckri; Suriye krizinin \u00e7\u00f6z\u00fcm\u00fcn\u00fcn uluslararas\u0131 kanunlar kapsam\u0131nda gelmesi gerekti\u011fine dikkat \u00e7ekerek ter\u00f6rle m\u00fccadelenin uluslararas\u0131 toplumun b\u00fct\u00fcn\u00fcn\u00fcn g\u00f6revi oldu\u011funu belirtti. F.B. &#8211; R.H.<\/p>\n","protected":false},"author":1,"featured_media":24998,"comment_status":"closed","ping_status":"closed","sticky":false,"template":"","format":"standard","meta":{"footnotes":""},"categories":[458,459,447],"tags":[11905],"class_list":["post-24997","post","type-post","status-publish","format-standard","has-post-thumbnail","","category-dunya1","category-haberler-arap-uluslararasi-politika","category-politika","tag-sukri-suriye-krizi-diyalog-ve-ulusal-egemenlik-temelinde-cozulmelidir-moskova-misir-disisleri-bakani-samih-sukri-suriyede-yasanmakta-olan-krizin-diyalog-ve-suriye-devletinin-egemenliginin"],"_links":{"self":[{"href":"https:\/\/archive.sana.sy\/tr\/index.php?rest_route=\/wp\/v2\/posts\/24997","targetHints":{"allow":["GET"]}}],"collection":[{"href":"https:\/\/archive.sana.sy\/tr\/index.php?rest_route=\/wp\/v2\/posts"}],"about":[{"href":"https:\/\/archive.sana.sy\/tr\/index.php?rest_route=\/wp\/v2\/types\/post"}],"author":[{"embeddable":true,"href":"https:\/\/archive.sana.sy\/tr\/index.php?rest_route=\/wp\/v2\/users\/1"}],"replies":[{"embeddable":true,"href":"https:\/\/archive.sana.sy\/tr\/index.php?rest_route=%2Fwp%2Fv2%2Fcomments&post=24997"}],"version-history":[{"count":0,"href":"https:\/\/archive.sana.sy\/tr\/index.php?rest_route=\/wp\/v2\/posts\/24997\/revisions"}],"wp:featuredmedia":[{"embeddable":true,"href":"https:\/\/archive.sana.sy\/tr\/index.php?rest_route=\/wp\/v2\/media\/24998"}],"wp:attachment":[{"href":"https:\/\/archive.sana.sy\/tr\/index.php?rest_route=%2Fwp%2Fv2%2Fmedia&parent=24997"}],"wp:term":[{"taxonomy":"category","embeddable":true,"href":"https:\/\/archive.sana.sy\/tr\/index.php?rest_route=%2Fwp%2Fv2%2Fcategories&post=24997"},{"taxonomy":"post_tag","embeddable":true,"href":"https:\/\/archive.sana.sy\/tr\/index.php?rest_route=%2Fwp%2Fv2%2Ftags&post=24997"}],"curies":[{"name":"wp","href":"https:\/\/api.w.org\/{rel}","templated":true}]}}