{"id":249973,"date":"2022-02-13T23:01:02","date_gmt":"2022-02-13T21:01:02","guid":{"rendered":"http:\/\/107.6.182.27\/tr\/?p=249973"},"modified":"2022-02-17T09:28:59","modified_gmt":"2022-02-17T07:28:59","slug":"kuba-komunist-partisi-terorle-savasinda-suriyenin-yanindayiz","status":"publish","type":"post","link":"https:\/\/archive.sana.sy\/tr\/?p=249973","title":{"rendered":"K\u00fcba Kom\u00fcnist Partisi: Ter\u00f6rle Sava\u015f\u0131nda Suriye&#8217;nin Yan\u0131nday\u0131z"},"content":{"rendered":"<p style=\"text-align: justify;\">HAVANA &#8211; K\u00fcba Kom\u00fcnist Partisi, ter\u00f6re kar\u015f\u0131 sava\u015f\u0131nda Suriye&#8217;nin yan\u0131nda durduklar\u0131n\u0131 yineleyerek, zaferin yak\u0131nda Suriye&#8217;nin m\u00fcttefi\u011fi olaca\u011f\u0131n\u0131 belirtti.<\/p>\n<p style=\"text-align: justify;\">Parti Merkez Komitesi \u00fcyesi Roberto Morales Ojeda, Suriye&#8217;nin K\u00fcba b\u00fcy\u00fckel\u00e7isi \u0130dris Meyya ile yapt\u0131\u011f\u0131 g\u00f6r\u00fc\u015fmede, Suriye&#8217;ye kar\u015f\u0131 y\u00fcr\u00fct\u00fclen ter\u00f6r sava\u015f\u0131n\u0131 k\u0131nayarak, K\u00fcba&#8217;n\u0131n egemenli\u011fine ve ba\u011f\u0131ms\u0131zl\u0131\u011f\u0131na verdi\u011fi deste\u011fi belirtti.<\/p>\n<p style=\"text-align: justify;\">K\u00fcba Kom\u00fcnist Partisi ile Arap Sosyalist Baas Partisi aras\u0131ndaki ili\u015fkilerin geli\u015ftirilmesinin \u00f6nemine vurgu yapan Ojeda, Baas Partisi&#8217;nin m\u00fccadelesine, Suriye Arap Ordusunun ter\u00f6re kar\u015f\u0131 g\u00f6sterdi\u011fi fedakarl\u0131k ve kahramanl\u0131\u011fa dikkat \u00e7ekti.<\/p>\n<p style=\"text-align: justify;\">Kendi y\u00f6n\u00fcnden Meyya ise Suriye&#8217;deki son siyasi ve sahadaki geli\u015fmeleri de\u011ferlendirerek, Suriye&#8217;nin halk\u0131n\u0131n \u0131srar\u0131 ve ordusunun kahramanl\u0131\u011f\u0131 sayesinde topraklar\u0131ndaki t\u00fcm emperyalist planlar\u0131 ba\u015far\u0131s\u0131zl\u0131\u011fa u\u011frtaca\u011f\u0131n\u0131 belirtti.<\/p>\n<p style=\"text-align: justify;\">ABD&#8217;nin K\u00fcba&#8217;ya uygulad\u0131\u011f\u0131 ambargoyu k\u0131nayan Meyya, iki \u00fclke aras\u0131ndaki ili\u015fkilerin \u00e7e\u015fitli alanlarda geli\u015ftirilmesinin \u00f6nemine vurgu yapt\u0131.<\/p>\n<p style=\"text-align: justify;\">G\u00f6r\u00fc\u015fmeye, partinin Merkez Komitesi D\u0131\u015f \u0130li\u015fkiler Dairesi Ba\u015fkan Yard\u0131mc\u0131s\u0131 Angel Arzuaga Reyes, Partinin Orta Do\u011fu ve Kuzey Afrika Dairesi Ba\u015fkan\u0131 Miriam Morales ve Suriye&#8217;den Sorumlu partideki Suriye Yetkilisi Joanna Gutierrez kat\u0131ld\u0131.<\/p>\n","protected":false},"excerpt":{"rendered":"<p>HAVANA &#8211; K\u00fcba Kom\u00fcnist Partisi, ter\u00f6re kar\u015f\u0131 sava\u015f\u0131nda Suriye&#8217;nin yan\u0131nda durduklar\u0131n\u0131 yineleyerek, zaferin yak\u0131nda Suriye&#8217;nin m\u00fcttefi\u011fi olaca\u011f\u0131n\u0131 belirtti. Parti Merkez Komitesi \u00fcyesi Roberto Morales Ojeda, Suriye&#8217;nin K\u00fcba b\u00fcy\u00fckel\u00e7isi \u0130dris Meyya ile yapt\u0131\u011f\u0131 g\u00f6r\u00fc\u015fmede, Suriye&#8217;ye kar\u015f\u0131 y\u00fcr\u00fct\u00fclen ter\u00f6r sava\u015f\u0131n\u0131 k\u0131nayarak, K\u00fcba&#8217;n\u0131n egemenli\u011fine ve ba\u011f\u0131ms\u0131zl\u0131\u011f\u0131na verdi\u011fi deste\u011fi belirtti. K\u00fcba Kom\u00fcnist Partisi ile Arap Sosyalist Baas Partisi aras\u0131ndaki &hellip;<\/p>\n","protected":false},"author":1,"featured_media":249974,"comment_status":"closed","ping_status":"closed","sticky":false,"template":"","format":"standard","meta":{"footnotes":""},"categories":[458,459,17988],"tags":[],"class_list":["post-249973","post","type-post","status-publish","format-standard","has-post-thumbnail","","category-dunya1","category-haberler-arap-uluslararasi-politika","category-son-haberler"],"_links":{"self":[{"href":"https:\/\/archive.sana.sy\/tr\/index.php?rest_route=\/wp\/v2\/posts\/249973","targetHints":{"allow":["GET"]}}],"collection":[{"href":"https:\/\/archive.sana.sy\/tr\/index.php?rest_route=\/wp\/v2\/posts"}],"about":[{"href":"https:\/\/archive.sana.sy\/tr\/index.php?rest_route=\/wp\/v2\/types\/post"}],"author":[{"embeddable":true,"href":"https:\/\/archive.sana.sy\/tr\/index.php?rest_route=\/wp\/v2\/users\/1"}],"replies":[{"embeddable":true,"href":"https:\/\/archive.sana.sy\/tr\/index.php?rest_route=%2Fwp%2Fv2%2Fcomments&post=249973"}],"version-history":[{"count":0,"href":"https:\/\/archive.sana.sy\/tr\/index.php?rest_route=\/wp\/v2\/posts\/249973\/revisions"}],"wp:featuredmedia":[{"embeddable":true,"href":"https:\/\/archive.sana.sy\/tr\/index.php?rest_route=\/wp\/v2\/media\/249974"}],"wp:attachment":[{"href":"https:\/\/archive.sana.sy\/tr\/index.php?rest_route=%2Fwp%2Fv2%2Fmedia&parent=249973"}],"wp:term":[{"taxonomy":"category","embeddable":true,"href":"https:\/\/archive.sana.sy\/tr\/index.php?rest_route=%2Fwp%2Fv2%2Fcategories&post=249973"},{"taxonomy":"post_tag","embeddable":true,"href":"https:\/\/archive.sana.sy\/tr\/index.php?rest_route=%2Fwp%2Fv2%2Ftags&post=249973"}],"curies":[{"name":"wp","href":"https:\/\/api.w.org\/{rel}","templated":true}]}}