{"id":249993,"date":"2022-02-14T10:44:27","date_gmt":"2022-02-14T08:44:27","guid":{"rendered":"http:\/\/107.6.182.27\/tr\/?p=249993"},"modified":"2022-02-17T09:29:04","modified_gmt":"2022-02-17T07:29:04","slug":"moskova-washington-suriyedeki-uyuyan-teror-hucrelerini-somurmeyi-planliyor","status":"publish","type":"post","link":"https:\/\/archive.sana.sy\/tr\/?p=249993","title":{"rendered":"Moskova: Washington, Suriye&#8217;deki Uyuyan Ter\u00f6r H\u00fccrelerini S\u00f6m\u00fcrmeyi Planl\u0131yor"},"content":{"rendered":"<p>MOSKOVA \u2013 Rusya bug\u00fcn, ABD istihbarat\u0131n\u0131n Suriye Arap Ordusuna kar\u015f\u0131 sald\u0131r\u0131lar d\u00fczenlemek i\u00e7in Suriye&#8217;deki uyuyan a\u015f\u0131r\u0131l\u0131k yanl\u0131s\u0131 ter\u00f6rist h\u00fccrelerden yararlanma niyeti hakk\u0131nda bilgi a\u00e7\u0131klad\u0131.<\/p>\n<p>Rusya D\u0131\u015fi\u015fleri Bakan Yard\u0131mc\u0131s\u0131 Oleg Siromolotov yapt\u0131\u011f\u0131 a\u00e7\u0131klamada, &#8220;Suriye&#8217;deki Rus kuvvetleri grubu, ABD istihbarat\u0131n\u0131n Suriye&#8217;de uyuyan a\u015f\u0131r\u0131l\u0131k yanl\u0131lar\u0131n\u0131 Suriye ordusuna ve Rus ve \u0130ran ordusuna kar\u015f\u0131 sald\u0131r\u0131lar d\u00fczenlemek i\u00e7in harekete ge\u00e7irme planlar\u0131 hakk\u0131nda bilgi sahiptir&#8221; dedi.<\/p>\n<p>Siromolotov, Suriye&#8217;deki Rus kuvvetlerinin bu t\u00fcr olas\u0131 olaylarla ba\u015fa \u00e7\u0131kmak i\u00e7in uygun \u00f6nlemleri ald\u0131\u011f\u0131na dikkat \u00e7ekti.<\/p>\n","protected":false},"excerpt":{"rendered":"<p>MOSKOVA \u2013 Rusya bug\u00fcn, ABD istihbarat\u0131n\u0131n Suriye Arap Ordusuna kar\u015f\u0131 sald\u0131r\u0131lar d\u00fczenlemek i\u00e7in Suriye&#8217;deki uyuyan a\u015f\u0131r\u0131l\u0131k yanl\u0131s\u0131 ter\u00f6rist h\u00fccrelerden yararlanma niyeti hakk\u0131nda bilgi a\u00e7\u0131klad\u0131. Rusya D\u0131\u015fi\u015fleri Bakan Yard\u0131mc\u0131s\u0131 Oleg Siromolotov yapt\u0131\u011f\u0131 a\u00e7\u0131klamada, &#8220;Suriye&#8217;deki Rus kuvvetleri grubu, ABD istihbarat\u0131n\u0131n Suriye&#8217;de uyuyan a\u015f\u0131r\u0131l\u0131k yanl\u0131lar\u0131n\u0131 Suriye ordusuna ve Rus ve \u0130ran ordusuna kar\u015f\u0131 sald\u0131r\u0131lar d\u00fczenlemek i\u00e7in harekete ge\u00e7irme &hellip;<\/p>\n","protected":false},"author":36,"featured_media":249994,"comment_status":"closed","ping_status":"closed","sticky":false,"template":"","format":"standard","meta":{"footnotes":""},"categories":[458,479,459,17988,478],"tags":[],"class_list":["post-249993","post","type-post","status-publish","format-standard","has-post-thumbnail","","category-dunya1","category-haberler-yerel","category-haberler-arap-uluslararasi-politika","category-son-haberler","category-yerel"],"_links":{"self":[{"href":"https:\/\/archive.sana.sy\/tr\/index.php?rest_route=\/wp\/v2\/posts\/249993","targetHints":{"allow":["GET"]}}],"collection":[{"href":"https:\/\/archive.sana.sy\/tr\/index.php?rest_route=\/wp\/v2\/posts"}],"about":[{"href":"https:\/\/archive.sana.sy\/tr\/index.php?rest_route=\/wp\/v2\/types\/post"}],"author":[{"embeddable":true,"href":"https:\/\/archive.sana.sy\/tr\/index.php?rest_route=\/wp\/v2\/users\/36"}],"replies":[{"embeddable":true,"href":"https:\/\/archive.sana.sy\/tr\/index.php?rest_route=%2Fwp%2Fv2%2Fcomments&post=249993"}],"version-history":[{"count":0,"href":"https:\/\/archive.sana.sy\/tr\/index.php?rest_route=\/wp\/v2\/posts\/249993\/revisions"}],"wp:featuredmedia":[{"embeddable":true,"href":"https:\/\/archive.sana.sy\/tr\/index.php?rest_route=\/wp\/v2\/media\/249994"}],"wp:attachment":[{"href":"https:\/\/archive.sana.sy\/tr\/index.php?rest_route=%2Fwp%2Fv2%2Fmedia&parent=249993"}],"wp:term":[{"taxonomy":"category","embeddable":true,"href":"https:\/\/archive.sana.sy\/tr\/index.php?rest_route=%2Fwp%2Fv2%2Fcategories&post=249993"},{"taxonomy":"post_tag","embeddable":true,"href":"https:\/\/archive.sana.sy\/tr\/index.php?rest_route=%2Fwp%2Fv2%2Ftags&post=249993"}],"curies":[{"name":"wp","href":"https:\/\/api.w.org\/{rel}","templated":true}]}}