{"id":25000,"date":"2015-02-27T13:30:57","date_gmt":"2015-02-27T11:30:57","guid":{"rendered":"http:\/\/www.sana.sy\/tr\/?p=25000"},"modified":"2015-02-27T13:41:53","modified_gmt":"2015-02-27T11:41:53","slug":"fransiz-heyetin-ziyareti-siyasi-boyut-tasiyor","status":"publish","type":"post","link":"https:\/\/archive.sana.sy\/tr\/?p=25000","title":{"rendered":"Frans\u0131z Heyetin Ziyareti Siyasi Boyut Ta\u015f\u0131yor"},"content":{"rendered":"<p>BEYRUT \u2013 Halk meclisi Ba\u015fkan\u0131 Muhammed Cihat el Lahham Suriye&#8217;yi ziyaret eden Frans\u0131z senato heyeti ile yap\u0131lan g\u00f6r\u00fc\u015fmeleri olumlu ve yap\u0131c\u0131 olarak nitelendirirken, siyasi bir boyut kazand\u0131\u011f\u0131n\u0131 ifade etti.<\/p>\n<p>Lahham L\u00fcbnanl\u0131 el Sefir Gazetesine yapt\u0131\u011f\u0131 ve bug\u00fcn yay\u0131nlanan a\u00e7\u0131klamalar\u0131nda Frans\u0131z heyetin; \u2018 I\u015e\u0130D\u2019e kar\u015f\u0131 sava\u015fman\u0131n Suriye ile i\u015fbirli\u011fi ve koordinasyon olmadan yap\u0131lmas\u0131n\u0131n m\u00fcmk\u00fcn olmad\u0131\u011f\u0131n\u0131 net bir \u015fekilde ifade etti\u011fine dikkat \u00e7ekti. Ziyaretin siyasi mesaj ta\u015f\u0131d\u0131\u011f\u0131na i\u015faret eden Lahham; sadece Fransa h\u00fck\u00fcmetinin de\u011fil, t\u00fcm d\u00fcnyan\u0131n Suriye&#8217;ye y\u00f6nelik yanl\u0131\u015f politika ve tutumlar\u0131n\u0131 yeniden g\u00f6zden ge\u00e7irmeleri ve Suriye h\u00fck\u00fcmeti ile diyaloga ge\u00e7meleri zaman\u0131n\u0131n geldi\u011fini idrak etmelerine bir kan\u0131t oldu\u011funu ifade etti.<\/p>\n<p>Meclis ba\u015fkan\u0131 Lahham heyette Fransa\u2019daki iktidar partisinden \u015fahsiyetlerin bulunmas\u0131n\u0131n, Fransa h\u00fck\u00fcmetinin Suriye konusunda yanl\u0131\u015f\u0131n\u0131 itiraf etti\u011fine bir i\u015faret oldu\u011funu s\u00f6yledi.<\/p>\n<p>A.A. &#8211; R.H.<\/p>\n","protected":false},"excerpt":{"rendered":"<p>BEYRUT \u2013 Halk meclisi Ba\u015fkan\u0131 Muhammed Cihat el Lahham Suriye&#8217;yi ziyaret eden Frans\u0131z senato heyeti ile yap\u0131lan g\u00f6r\u00fc\u015fmeleri olumlu ve yap\u0131c\u0131 olarak nitelendirirken, siyasi bir boyut kazand\u0131\u011f\u0131n\u0131 ifade etti. Lahham L\u00fcbnanl\u0131 el Sefir Gazetesine yapt\u0131\u011f\u0131 ve bug\u00fcn yay\u0131nlanan a\u00e7\u0131klamalar\u0131nda Frans\u0131z heyetin; \u2018 I\u015e\u0130D\u2019e kar\u015f\u0131 sava\u015fman\u0131n Suriye ile i\u015fbirli\u011fi ve koordinasyon olmadan yap\u0131lmas\u0131n\u0131n m\u00fcmk\u00fcn olmad\u0131\u011f\u0131n\u0131 net &hellip;<\/p>\n","protected":false},"author":1,"featured_media":25002,"comment_status":"closed","ping_status":"closed","sticky":false,"template":"","format":"standard","meta":{"footnotes":""},"categories":[458,459,447],"tags":[11906,11907],"class_list":["post-25000","post","type-post","status-publish","format-standard","has-post-thumbnail","","category-dunya1","category-haberler-arap-uluslararasi-politika","category-politika","tag-fransiz-heyetin-ziyareti-siyasi-boyut-tasiyor-beyrut-halk-meclisi-baskani-muhammed-cihat-el-lahham-suriyeyi-ziyaret-eden-fransiz-senato-heyeti-ile-yapilan-gorusmeleri-olumlu-ve-yapici-olara","tag-siyasi-bir-boyut-kazandigini-ifade-etti"],"_links":{"self":[{"href":"https:\/\/archive.sana.sy\/tr\/index.php?rest_route=\/wp\/v2\/posts\/25000","targetHints":{"allow":["GET"]}}],"collection":[{"href":"https:\/\/archive.sana.sy\/tr\/index.php?rest_route=\/wp\/v2\/posts"}],"about":[{"href":"https:\/\/archive.sana.sy\/tr\/index.php?rest_route=\/wp\/v2\/types\/post"}],"author":[{"embeddable":true,"href":"https:\/\/archive.sana.sy\/tr\/index.php?rest_route=\/wp\/v2\/users\/1"}],"replies":[{"embeddable":true,"href":"https:\/\/archive.sana.sy\/tr\/index.php?rest_route=%2Fwp%2Fv2%2Fcomments&post=25000"}],"version-history":[{"count":0,"href":"https:\/\/archive.sana.sy\/tr\/index.php?rest_route=\/wp\/v2\/posts\/25000\/revisions"}],"wp:featuredmedia":[{"embeddable":true,"href":"https:\/\/archive.sana.sy\/tr\/index.php?rest_route=\/wp\/v2\/media\/25002"}],"wp:attachment":[{"href":"https:\/\/archive.sana.sy\/tr\/index.php?rest_route=%2Fwp%2Fv2%2Fmedia&parent=25000"}],"wp:term":[{"taxonomy":"category","embeddable":true,"href":"https:\/\/archive.sana.sy\/tr\/index.php?rest_route=%2Fwp%2Fv2%2Fcategories&post=25000"},{"taxonomy":"post_tag","embeddable":true,"href":"https:\/\/archive.sana.sy\/tr\/index.php?rest_route=%2Fwp%2Fv2%2Ftags&post=25000"}],"curies":[{"name":"wp","href":"https:\/\/api.w.org\/{rel}","templated":true}]}}