{"id":250011,"date":"2022-02-15T11:23:15","date_gmt":"2022-02-15T09:23:15","guid":{"rendered":"http:\/\/107.6.182.27\/tr\/?p=250011"},"modified":"2022-02-17T08:49:46","modified_gmt":"2022-02-17T06:49:46","slug":"sam-gumruk-kavsaginda-meydana-gelen-patlamada-bir-asker-sehit-oldu-11-asker-de-yaralandi","status":"publish","type":"post","link":"https:\/\/archive.sana.sy\/tr\/?p=250011","title":{"rendered":"\u015eam G\u00fcmr\u00fck Kav\u015fa\u011f\u0131nda Meydana Gelen Patlamada Bir Asker \u015eehit Oldu, 11 Asker De Yaraland\u0131"},"content":{"rendered":"<p style=\"text-align: justify;\">\u015eAM &#8211; \u015eam&#8217;da bir askeri otob\u00fcse ter\u00f6ristler taraf\u0131ndan gece yar\u0131s\u0131 yerle\u015ftirilen patlay\u0131c\u0131n\u0131n infilak etmesi sonucu bir asker \u015fehit oldu, 11 asker de yaraland\u0131.<\/p>\n<p style=\"text-align: justify;\">Askeri bir kaynak SANA&#8217;ya verdi\u011fi deme\u00e7te, &#8220;Bu sabah 07:25 sular\u0131nda \u015eam&#8217;da g\u00fcmr\u00fck kav\u015fa\u011f\u0131 yak\u0131n\u0131nda bir askeri otob\u00fcs\u00fcn i\u00e7ine yerle\u015ftirilen patlay\u0131c\u0131n\u0131n infilak etmesi sonucunda bir askerin \u00f6l\u00fcm\u00fcne, 11 askerin de yaralanmas\u0131na neden oldu&#8221; dedi.<\/p>\n<p style=\"text-align: justify;\">20 Ekim 2021&#8217;de \u015eam&#8217;da Cumhurba\u015fkan\u0131 K\u00f6pr\u00fcs\u00fc&#8217;nde bir askeri otob\u00fcse yap\u0131\u015ft\u0131r\u0131lan iki patlay\u0131c\u0131n\u0131n ter\u00f6ristlerce patlat\u0131lmas\u0131 sonucu 14 \u015fehit \u015fehit olmu\u015f, \u00e7ok say\u0131da ki\u015fi de yaralanm\u0131\u015ft\u0131.<\/p>\n","protected":false},"excerpt":{"rendered":"<p>\u015eAM &#8211; \u015eam&#8217;da bir askeri otob\u00fcse ter\u00f6ristler taraf\u0131ndan gece yar\u0131s\u0131 yerle\u015ftirilen patlay\u0131c\u0131n\u0131n infilak etmesi sonucu bir asker \u015fehit oldu, 11 asker de yaraland\u0131. Askeri bir kaynak SANA&#8217;ya verdi\u011fi deme\u00e7te, &#8220;Bu sabah 07:25 sular\u0131nda \u015eam&#8217;da g\u00fcmr\u00fck kav\u015fa\u011f\u0131 yak\u0131n\u0131nda bir askeri otob\u00fcs\u00fcn i\u00e7ine yerle\u015ftirilen patlay\u0131c\u0131n\u0131n infilak etmesi sonucunda bir askerin \u00f6l\u00fcm\u00fcne, 11 askerin de yaralanmas\u0131na neden oldu&#8221; &hellip;<\/p>\n","protected":false},"author":1,"featured_media":250012,"comment_status":"closed","ping_status":"closed","sticky":false,"template":"","format":"standard","meta":{"footnotes":""},"categories":[575,17988],"tags":[],"class_list":["post-250011","post","type-post","status-publish","format-standard","has-post-thumbnail","","category-olaylar-ve-gercekler","category-son-haberler"],"_links":{"self":[{"href":"https:\/\/archive.sana.sy\/tr\/index.php?rest_route=\/wp\/v2\/posts\/250011","targetHints":{"allow":["GET"]}}],"collection":[{"href":"https:\/\/archive.sana.sy\/tr\/index.php?rest_route=\/wp\/v2\/posts"}],"about":[{"href":"https:\/\/archive.sana.sy\/tr\/index.php?rest_route=\/wp\/v2\/types\/post"}],"author":[{"embeddable":true,"href":"https:\/\/archive.sana.sy\/tr\/index.php?rest_route=\/wp\/v2\/users\/1"}],"replies":[{"embeddable":true,"href":"https:\/\/archive.sana.sy\/tr\/index.php?rest_route=%2Fwp%2Fv2%2Fcomments&post=250011"}],"version-history":[{"count":0,"href":"https:\/\/archive.sana.sy\/tr\/index.php?rest_route=\/wp\/v2\/posts\/250011\/revisions"}],"wp:featuredmedia":[{"embeddable":true,"href":"https:\/\/archive.sana.sy\/tr\/index.php?rest_route=\/wp\/v2\/media\/250012"}],"wp:attachment":[{"href":"https:\/\/archive.sana.sy\/tr\/index.php?rest_route=%2Fwp%2Fv2%2Fmedia&parent=250011"}],"wp:term":[{"taxonomy":"category","embeddable":true,"href":"https:\/\/archive.sana.sy\/tr\/index.php?rest_route=%2Fwp%2Fv2%2Fcategories&post=250011"},{"taxonomy":"post_tag","embeddable":true,"href":"https:\/\/archive.sana.sy\/tr\/index.php?rest_route=%2Fwp%2Fv2%2Ftags&post=250011"}],"curies":[{"name":"wp","href":"https:\/\/api.w.org\/{rel}","templated":true}]}}