{"id":25004,"date":"2015-02-27T13:17:18","date_gmt":"2015-02-27T11:17:18","guid":{"rendered":"http:\/\/www.sana.sy\/tr\/?p=25004"},"modified":"2015-02-28T11:32:07","modified_gmt":"2015-02-28T09:32:07","slug":"suveyda-kirsalinda-el-mecda-tepesi-ordunun-kontrolunde","status":"publish","type":"post","link":"https:\/\/archive.sana.sy\/tr\/?p=25004","title":{"rendered":"S\u00fcveyda K\u0131rsal\u0131nda el Mecda Tepesi Ordunun Kontrol\u00fcnde"},"content":{"rendered":"<p>S\u00dcVEYDA \u2013 Vatan koruyucular\u0131m\u0131z S\u00fcveyda k\u0131rsal\u0131nda Milh Beldesinin do\u011fusuna d\u00fc\u015fen el Mecda Tepesini ter\u00f6r \u00e7etelerinden temizleyerek g\u00fcvenlik ve kontrol\u00fc eline ge\u00e7irdi.<\/p>\n<p>Askeri kaynak operasyonlarda tekfirci ve hain ter\u00f6r \u00e7etelerinden y\u00fcksek say\u0131da ter\u00f6ristin \u00f6l\u00fc ve yaral\u0131 d\u00fc\u015f\u00fcr\u00fcld\u00fc\u011f\u00fcn\u00fc, kulland\u0131klar\u0131 ara\u00e7 ve a\u011f\u0131r silahlar\u0131n da imha edildi\u011fini s\u00f6yledi.<\/p>\n<p>A.A. &#8211; R.H.<\/p>\n","protected":false},"excerpt":{"rendered":"<p>S\u00dcVEYDA \u2013 Vatan koruyucular\u0131m\u0131z S\u00fcveyda k\u0131rsal\u0131nda Milh Beldesinin do\u011fusuna d\u00fc\u015fen el Mecda Tepesini ter\u00f6r \u00e7etelerinden temizleyerek g\u00fcvenlik ve kontrol\u00fc eline ge\u00e7irdi. Askeri kaynak operasyonlarda tekfirci ve hain ter\u00f6r \u00e7etelerinden y\u00fcksek say\u0131da ter\u00f6ristin \u00f6l\u00fc ve yaral\u0131 d\u00fc\u015f\u00fcr\u00fcld\u00fc\u011f\u00fcn\u00fc, kulland\u0131klar\u0131 ara\u00e7 ve a\u011f\u0131r silahlar\u0131n da imha edildi\u011fini s\u00f6yledi. A.A. &#8211; R.H.<\/p>\n","protected":false},"author":1,"featured_media":25005,"comment_status":"closed","ping_status":"closed","sticky":false,"template":"","format":"standard","meta":{"footnotes":""},"categories":[575],"tags":[11908],"class_list":["post-25004","post","type-post","status-publish","format-standard","has-post-thumbnail","","category-olaylar-ve-gercekler","tag-suveyda-kirsalinda-el-mecda-tepesi-ordunun-kontrolunde-suveyda-vatan-koruyucularimiz-suveyda-kirsalinda-milh-beldesinin-dogusuna-dusen-el-mecda-tepesini-teror-cetelerinden-temizleyerek-guven"],"_links":{"self":[{"href":"https:\/\/archive.sana.sy\/tr\/index.php?rest_route=\/wp\/v2\/posts\/25004","targetHints":{"allow":["GET"]}}],"collection":[{"href":"https:\/\/archive.sana.sy\/tr\/index.php?rest_route=\/wp\/v2\/posts"}],"about":[{"href":"https:\/\/archive.sana.sy\/tr\/index.php?rest_route=\/wp\/v2\/types\/post"}],"author":[{"embeddable":true,"href":"https:\/\/archive.sana.sy\/tr\/index.php?rest_route=\/wp\/v2\/users\/1"}],"replies":[{"embeddable":true,"href":"https:\/\/archive.sana.sy\/tr\/index.php?rest_route=%2Fwp%2Fv2%2Fcomments&post=25004"}],"version-history":[{"count":0,"href":"https:\/\/archive.sana.sy\/tr\/index.php?rest_route=\/wp\/v2\/posts\/25004\/revisions"}],"wp:featuredmedia":[{"embeddable":true,"href":"https:\/\/archive.sana.sy\/tr\/index.php?rest_route=\/wp\/v2\/media\/25005"}],"wp:attachment":[{"href":"https:\/\/archive.sana.sy\/tr\/index.php?rest_route=%2Fwp%2Fv2%2Fmedia&parent=25004"}],"wp:term":[{"taxonomy":"category","embeddable":true,"href":"https:\/\/archive.sana.sy\/tr\/index.php?rest_route=%2Fwp%2Fv2%2Fcategories&post=25004"},{"taxonomy":"post_tag","embeddable":true,"href":"https:\/\/archive.sana.sy\/tr\/index.php?rest_route=%2Fwp%2Fv2%2Ftags&post=25004"}],"curies":[{"name":"wp","href":"https:\/\/api.w.org\/{rel}","templated":true}]}}