{"id":250084,"date":"2022-02-17T09:31:11","date_gmt":"2022-02-17T07:31:11","guid":{"rendered":"http:\/\/107.6.182.27\/tr\/?p=250084"},"modified":"2022-02-18T08:58:13","modified_gmt":"2022-02-18T06:58:13","slug":"saglik-bakanligi-yeni-137-koronavirus-383-sifa-3-vefat-vakasi-kaydedildi","status":"publish","type":"post","link":"https:\/\/archive.sana.sy\/tr\/?p=250084","title":{"rendered":"Sa\u011fl\u0131k Bakanl\u0131\u011f\u0131, Yeni 137 Koronavir\u00fcs, 383 \u015eifa, 3 Vefat Vakas\u0131 Kaydedildi"},"content":{"rendered":"<p>\u015eAM \u2013 Sa\u011fl\u0131k Bakanl\u0131\u011f\u0131, yeni 137 koronavir\u00fcs vakas\u0131n\u0131n tescil edildi\u011fini, tescil edilen vakalardan 383\u2019\u00fcn\u00fcn \u015fifa buldu\u011funu, 3\u2019\u00fcn\u00fcn de vefat etti\u011fini ilan etti.<\/p>\n<p>Bakanl\u0131k yay\u0131nlad\u0131\u011f\u0131 ve SANA\u2019n\u0131n n\u00fcshas\u0131n\u0131 ald\u0131\u011f\u0131 beyanda, Suriye\u2019de tescil edilen vaka say\u0131s\u0131n\u0131n bug\u00fcne kadar 53148\u2019e y\u00fckseldi\u011fini, bunlardan 44142\u2019sinin iyile\u015fti\u011fini, 3038\u2019inin de vefat etti\u011fine i\u015faret etti.<\/p>\n","protected":false},"excerpt":{"rendered":"<p>\u015eAM \u2013 Sa\u011fl\u0131k Bakanl\u0131\u011f\u0131, yeni 137 koronavir\u00fcs vakas\u0131n\u0131n tescil edildi\u011fini, tescil edilen vakalardan 383\u2019\u00fcn\u00fcn \u015fifa buldu\u011funu, 3\u2019\u00fcn\u00fcn de vefat etti\u011fini ilan etti. Bakanl\u0131k yay\u0131nlad\u0131\u011f\u0131 ve SANA\u2019n\u0131n n\u00fcshas\u0131n\u0131 ald\u0131\u011f\u0131 beyanda, Suriye\u2019de tescil edilen vaka say\u0131s\u0131n\u0131n bug\u00fcne kadar 53148\u2019e y\u00fckseldi\u011fini, bunlardan 44142\u2019sinin iyile\u015fti\u011fini, 3038\u2019inin de vefat etti\u011fine i\u015faret etti.<\/p>\n","protected":false},"author":36,"featured_media":250085,"comment_status":"closed","ping_status":"closed","sticky":false,"template":"","format":"standard","meta":{"footnotes":""},"categories":[526,479,17988,525,478],"tags":[],"class_list":["post-250084","post","type-post","status-publish","format-standard","has-post-thumbnail","","category-haber-ve-raporlar","category-haberler-yerel","category-son-haberler","category-toplum","category-yerel"],"_links":{"self":[{"href":"https:\/\/archive.sana.sy\/tr\/index.php?rest_route=\/wp\/v2\/posts\/250084","targetHints":{"allow":["GET"]}}],"collection":[{"href":"https:\/\/archive.sana.sy\/tr\/index.php?rest_route=\/wp\/v2\/posts"}],"about":[{"href":"https:\/\/archive.sana.sy\/tr\/index.php?rest_route=\/wp\/v2\/types\/post"}],"author":[{"embeddable":true,"href":"https:\/\/archive.sana.sy\/tr\/index.php?rest_route=\/wp\/v2\/users\/36"}],"replies":[{"embeddable":true,"href":"https:\/\/archive.sana.sy\/tr\/index.php?rest_route=%2Fwp%2Fv2%2Fcomments&post=250084"}],"version-history":[{"count":0,"href":"https:\/\/archive.sana.sy\/tr\/index.php?rest_route=\/wp\/v2\/posts\/250084\/revisions"}],"wp:featuredmedia":[{"embeddable":true,"href":"https:\/\/archive.sana.sy\/tr\/index.php?rest_route=\/wp\/v2\/media\/250085"}],"wp:attachment":[{"href":"https:\/\/archive.sana.sy\/tr\/index.php?rest_route=%2Fwp%2Fv2%2Fmedia&parent=250084"}],"wp:term":[{"taxonomy":"category","embeddable":true,"href":"https:\/\/archive.sana.sy\/tr\/index.php?rest_route=%2Fwp%2Fv2%2Fcategories&post=250084"},{"taxonomy":"post_tag","embeddable":true,"href":"https:\/\/archive.sana.sy\/tr\/index.php?rest_route=%2Fwp%2Fv2%2Ftags&post=250084"}],"curies":[{"name":"wp","href":"https:\/\/api.w.org\/{rel}","templated":true}]}}