{"id":250087,"date":"2022-02-17T09:47:38","date_gmt":"2022-02-17T07:47:38","guid":{"rendered":"http:\/\/107.6.182.27\/tr\/?p=250087"},"modified":"2022-02-18T08:59:37","modified_gmt":"2022-02-18T06:59:37","slug":"israilin-fuzeli-saldirisinda-maddi-zararlar","status":"publish","type":"post","link":"https:\/\/archive.sana.sy\/tr\/?p=250087","title":{"rendered":"\u0130srail\u2019in F\u00fczeli Sald\u0131r\u0131s\u0131nda Maddi Zararlar"},"content":{"rendered":"<p>\u015eAM \u2013 \u00a0\u0130srail d\u00fc\u015fman\u0131, \u015eam k\u0131rsal\u0131n\u0131n g\u00fcneyinde yer alan Zekiy beldesi yak\u0131nlar\u0131nda birka\u00e7 noktay\u0131 \u00e7ok say\u0131da f\u00fczeyle hedef ald\u0131, bu da maddi hasara yol a\u00e7t\u0131.<\/p>\n<p>Askeri bir kaynak SANA&#8217;ya yapt\u0131\u011f\u0131 a\u00e7\u0131klamada, &#8220;Bu ak\u015fam 23:35 sular\u0131nda \u0130srail d\u00fc\u015fman\u0131, i\u015fgal alt\u0131ndaki Suriye Golan y\u00f6n\u00fcnden \u015eam k\u0131rsal\u0131n\u0131n g\u00fcneydeki Zekiy beldesi yak\u0131nlar\u0131ndaki baz\u0131 noktalar\u0131 hedef alan birka\u00e7 karadan karaya f\u00fczeyle bir sald\u0131r\u0131 ger\u00e7ekle\u015ftirdi&#8221; dedi.<\/p>\n<p>Kaynak, sald\u0131rganl\u0131\u011f\u0131n baz\u0131 maddi zararlara yol a\u00e7t\u0131\u011f\u0131n\u0131 da s\u00f6zlerine ekledi.<\/p>\n","protected":false},"excerpt":{"rendered":"<p>\u015eAM \u2013 \u00a0\u0130srail d\u00fc\u015fman\u0131, \u015eam k\u0131rsal\u0131n\u0131n g\u00fcneyinde yer alan Zekiy beldesi yak\u0131nlar\u0131nda birka\u00e7 noktay\u0131 \u00e7ok say\u0131da f\u00fczeyle hedef ald\u0131, bu da maddi hasara yol a\u00e7t\u0131. Askeri bir kaynak SANA&#8217;ya yapt\u0131\u011f\u0131 a\u00e7\u0131klamada, &#8220;Bu ak\u015fam 23:35 sular\u0131nda \u0130srail d\u00fc\u015fman\u0131, i\u015fgal alt\u0131ndaki Suriye Golan y\u00f6n\u00fcnden \u015eam k\u0131rsal\u0131n\u0131n g\u00fcneydeki Zekiy beldesi yak\u0131nlar\u0131ndaki baz\u0131 noktalar\u0131 hedef alan birka\u00e7 karadan karaya &hellip;<\/p>\n","protected":false},"author":36,"featured_media":250088,"comment_status":"closed","ping_status":"closed","sticky":false,"template":"","format":"standard","meta":{"footnotes":""},"categories":[479,575,17988,478],"tags":[],"class_list":["post-250087","post","type-post","status-publish","format-standard","has-post-thumbnail","","category-haberler-yerel","category-olaylar-ve-gercekler","category-son-haberler","category-yerel"],"_links":{"self":[{"href":"https:\/\/archive.sana.sy\/tr\/index.php?rest_route=\/wp\/v2\/posts\/250087","targetHints":{"allow":["GET"]}}],"collection":[{"href":"https:\/\/archive.sana.sy\/tr\/index.php?rest_route=\/wp\/v2\/posts"}],"about":[{"href":"https:\/\/archive.sana.sy\/tr\/index.php?rest_route=\/wp\/v2\/types\/post"}],"author":[{"embeddable":true,"href":"https:\/\/archive.sana.sy\/tr\/index.php?rest_route=\/wp\/v2\/users\/36"}],"replies":[{"embeddable":true,"href":"https:\/\/archive.sana.sy\/tr\/index.php?rest_route=%2Fwp%2Fv2%2Fcomments&post=250087"}],"version-history":[{"count":0,"href":"https:\/\/archive.sana.sy\/tr\/index.php?rest_route=\/wp\/v2\/posts\/250087\/revisions"}],"wp:featuredmedia":[{"embeddable":true,"href":"https:\/\/archive.sana.sy\/tr\/index.php?rest_route=\/wp\/v2\/media\/250088"}],"wp:attachment":[{"href":"https:\/\/archive.sana.sy\/tr\/index.php?rest_route=%2Fwp%2Fv2%2Fmedia&parent=250087"}],"wp:term":[{"taxonomy":"category","embeddable":true,"href":"https:\/\/archive.sana.sy\/tr\/index.php?rest_route=%2Fwp%2Fv2%2Fcategories&post=250087"},{"taxonomy":"post_tag","embeddable":true,"href":"https:\/\/archive.sana.sy\/tr\/index.php?rest_route=%2Fwp%2Fv2%2Ftags&post=250087"}],"curies":[{"name":"wp","href":"https:\/\/api.w.org\/{rel}","templated":true}]}}