{"id":250097,"date":"2022-02-17T10:26:48","date_gmt":"2022-02-17T08:26:48","guid":{"rendered":"http:\/\/107.6.182.27\/tr\/?p=250097"},"modified":"2022-02-18T08:58:26","modified_gmt":"2022-02-18T06:58:26","slug":"el-sabha-cozum-merkezinde-3553-kisinin-durumu-duzeltildi","status":"publish","type":"post","link":"https:\/\/archive.sana.sy\/tr\/?p=250097","title":{"rendered":"EL Sabha \u00c7\u00f6z\u00fcm Merkezinde 3553 ki\u015finin Durumu D\u00fczeltildi"},"content":{"rendered":"<p>RAKKA \u2013 Rakka k\u0131rsal\u0131n\u0131n do\u011fusundaki El Sabha merkezinde uzla\u015fma s\u00fcreci devam ediyor.<\/p>\n<p>SANA muhabiri, Rakka k\u0131rsal\u0131n\u0131n do\u011fusundaki El Sabha merkezinde 34. g\u00fcn\u00fcnde devam eden \u00e7\u00f6z\u00fcm s\u00fcrecine 3.553 aranan ki\u015finin kat\u0131ld\u0131\u011f\u0131n\u0131 belirtti.<\/p>\n<div id='gallery-1' class='gallery galleryid-250097 gallery-columns-2 gallery-size-full'><figure class='gallery-item'>\n\t\t\t<div class='gallery-icon landscape'>\n\t\t\t\t<a href='https:\/\/archive.sana.sy\/tr\/wp-content\/uploads\/2022\/02\/photo_2022-02-17_09-39-11.jpg'><img loading=\"lazy\" decoding=\"async\" width=\"660\" height=\"337\" src=\"https:\/\/archive.sana.sy\/tr\/wp-content\/uploads\/2022\/02\/photo_2022-02-17_09-39-11.jpg\" class=\"attachment-full size-full\" alt=\"\" srcset=\"https:\/\/archive.sana.sy\/tr\/wp-content\/uploads\/2022\/02\/photo_2022-02-17_09-39-11.jpg 660w, https:\/\/archive.sana.sy\/tr\/wp-content\/uploads\/2022\/02\/photo_2022-02-17_09-39-11-300x153.jpg 300w, https:\/\/archive.sana.sy\/tr\/wp-content\/uploads\/2022\/02\/photo_2022-02-17_09-39-11-150x77.jpg 150w\" sizes=\"auto, (max-width: 660px) 100vw, 660px\" \/><\/a>\n\t\t\t<\/div><\/figure><figure class='gallery-item'>\n\t\t\t<div class='gallery-icon landscape'>\n\t\t\t\t<a href='https:\/\/archive.sana.sy\/tr\/wp-content\/uploads\/2022\/02\/photo_2022-02-17_09-39-13.jpg'><img loading=\"lazy\" decoding=\"async\" width=\"660\" height=\"371\" src=\"https:\/\/archive.sana.sy\/tr\/wp-content\/uploads\/2022\/02\/photo_2022-02-17_09-39-13.jpg\" class=\"attachment-full size-full\" alt=\"\" srcset=\"https:\/\/archive.sana.sy\/tr\/wp-content\/uploads\/2022\/02\/photo_2022-02-17_09-39-13.jpg 660w, https:\/\/archive.sana.sy\/tr\/wp-content\/uploads\/2022\/02\/photo_2022-02-17_09-39-13-300x169.jpg 300w, https:\/\/archive.sana.sy\/tr\/wp-content\/uploads\/2022\/02\/photo_2022-02-17_09-39-13-150x84.jpg 150w\" sizes=\"auto, (max-width: 660px) 100vw, 660px\" \/><\/a>\n\t\t\t<\/div><\/figure>\n\t\t<\/div>\n\n","protected":false},"excerpt":{"rendered":"<p>RAKKA \u2013 Rakka k\u0131rsal\u0131n\u0131n do\u011fusundaki El Sabha merkezinde uzla\u015fma s\u00fcreci devam ediyor. SANA muhabiri, Rakka k\u0131rsal\u0131n\u0131n do\u011fusundaki El Sabha merkezinde 34. g\u00fcn\u00fcnde devam eden \u00e7\u00f6z\u00fcm s\u00fcrecine 3.553 aranan ki\u015finin kat\u0131ld\u0131\u011f\u0131n\u0131 belirtti.<\/p>\n","protected":false},"author":36,"featured_media":250100,"comment_status":"closed","ping_status":"closed","sticky":false,"template":"","format":"standard","meta":{"footnotes":""},"categories":[596,479,17988,478],"tags":[],"class_list":["post-250097","post","type-post","status-publish","format-standard","has-post-thumbnail","","category-fotografli-raporlar","category-haberler-yerel","category-son-haberler","category-yerel"],"_links":{"self":[{"href":"https:\/\/archive.sana.sy\/tr\/index.php?rest_route=\/wp\/v2\/posts\/250097","targetHints":{"allow":["GET"]}}],"collection":[{"href":"https:\/\/archive.sana.sy\/tr\/index.php?rest_route=\/wp\/v2\/posts"}],"about":[{"href":"https:\/\/archive.sana.sy\/tr\/index.php?rest_route=\/wp\/v2\/types\/post"}],"author":[{"embeddable":true,"href":"https:\/\/archive.sana.sy\/tr\/index.php?rest_route=\/wp\/v2\/users\/36"}],"replies":[{"embeddable":true,"href":"https:\/\/archive.sana.sy\/tr\/index.php?rest_route=%2Fwp%2Fv2%2Fcomments&post=250097"}],"version-history":[{"count":0,"href":"https:\/\/archive.sana.sy\/tr\/index.php?rest_route=\/wp\/v2\/posts\/250097\/revisions"}],"wp:featuredmedia":[{"embeddable":true,"href":"https:\/\/archive.sana.sy\/tr\/index.php?rest_route=\/wp\/v2\/media\/250100"}],"wp:attachment":[{"href":"https:\/\/archive.sana.sy\/tr\/index.php?rest_route=%2Fwp%2Fv2%2Fmedia&parent=250097"}],"wp:term":[{"taxonomy":"category","embeddable":true,"href":"https:\/\/archive.sana.sy\/tr\/index.php?rest_route=%2Fwp%2Fv2%2Fcategories&post=250097"},{"taxonomy":"post_tag","embeddable":true,"href":"https:\/\/archive.sana.sy\/tr\/index.php?rest_route=%2Fwp%2Fv2%2Ftags&post=250097"}],"curies":[{"name":"wp","href":"https:\/\/api.w.org\/{rel}","templated":true}]}}