{"id":25010,"date":"2015-02-27T13:10:56","date_gmt":"2015-02-27T11:10:56","guid":{"rendered":"http:\/\/www.sana.sy\/tr\/?p=25010"},"modified":"2015-02-27T13:40:53","modified_gmt":"2015-02-27T11:40:53","slug":"ihvanci-erdogan-rejiminin-iside-destegi-abdde-en-yuksek-guvenlik-yetkilisinden-geldi","status":"publish","type":"post","link":"https:\/\/archive.sana.sy\/tr\/?p=25010","title":{"rendered":"\u0130hvanc\u0131 Erdo\u011fan Rejiminin I\u015e\u0130D\u2019e Deste\u011fi ABD\u2019de En Y\u00fcksek G\u00fcvenlik Yetkilisinden Geldi"},"content":{"rendered":"<p>WASH\u0130NGTON \u2013 T\u00fcrkiye&#8217;deki ihvanc\u0131 rejim ve Recep Tayyip Erdo\u011fan iktidar\u0131n\u0131n Suriye&#8217;de I\u015e\u0130D ve di\u011fer ter\u00f6r \u00e7etelere her t\u00fcrl\u00fc deste\u011fine yeni bir kan\u0131t olarak ABD Ulusal \u0130stihbarat \u015fefi James Clapper T\u00fcrkiye&#8217;deki ihvanc\u0131 AKP rejiminin d\u00fcnyan\u0131n her yerinden gelen yabanc\u0131 ter\u00f6ristlerin T\u00fcrkiye \u00fczerinden Suriye&#8217;ye giri\u015flerini destekleyip kolayla\u015ft\u0131rd\u0131\u011f\u0131n\u0131 belirtti.<\/p>\n<p>Clapper; Amerikan Senato Konseyinde silahl\u0131 kuvvetler komitesi \u00f6n\u00fcnde yapt\u0131\u011f\u0131 ve AFP\u2019nin aktard\u0131\u011f\u0131 konu\u015fmas\u0131nda; I\u015e\u0130D\u2019e kar\u015f\u0131 sava\u015f\u0131n T\u00fcrkiye rejimi i\u00e7in \u00f6ncelik te\u015fkil etmedi\u011fi gibi T\u00fcrkiye rejiminin Suriye&#8217;ye giren yabanc\u0131 ter\u00f6ristlerin %60\u2019\u0131na kolayl\u0131k ve destek sa\u011flad\u0131\u011f\u0131n\u0131 a\u00e7\u0131klad\u0131.<\/p>\n<p>ABD istihbarat\u0131n\u0131n ba\u015f\u0131ndaki isim olan James Clapper, d\u00fcn Senato Silahl\u0131 Hizmetler Komitesi\u2019ne verdi\u011fi ifadede T\u00fcrkiye\u2019nin I\u015e\u0130D\u2019le sava\u015f y\u00fcksek bir \u00f6ncelik vermedi\u011fini s\u00f6yledi.<\/p>\n<p>Clapper, T\u00fcrkiye\u2019deki ihvanc\u0131 rejimin ABD\u2019nin I\u015e\u0130D\u2019e kar\u015f\u0131 olu\u015fturdu\u011fu koalisyonla birlikte sava\u015fmas\u0131 konusunda umutlu olmad\u0131\u011f\u0131n\u0131 s\u00f6yledi.<\/p>\n<p>\u201cT\u00fcrkiye\u2019nin ba\u015fka \u00f6ncelikleri oldu\u011funu d\u00fc\u015f\u00fcn\u00fcyorum\u201d diyen Clapper, T\u00fcrk h\u00fck\u00fcmetinin K\u00fcrt muhalifler ve \u00fclke ekonomisi konusunda daha fazla kayg\u0131 ta\u015f\u0131d\u0131\u011f\u0131n\u0131 savundu.<\/p>\n<p>ABD istihbarat\u0131n\u0131n ba\u015f\u0131ndaki isim olan Clapper, Ortado\u011fu\u2019daki di\u011fer ortaklar\u0131n\u0131n da I\u015e\u0130D\u2019e kar\u015f\u0131 m\u00fccadelede istekli olmad\u0131klar\u0131n\u0131, bunun nedeninin ise Washington\u2019un Be\u015far Esad y\u00f6netimini do\u011frudan kar\u015f\u0131ya almak istememesi oldu\u011funu savundu.<\/p>\n<p>A.A. &#8211; R.H.<\/p>\n<p>&nbsp;<\/p>\n","protected":false},"excerpt":{"rendered":"<p>WASH\u0130NGTON \u2013 T\u00fcrkiye&#8217;deki ihvanc\u0131 rejim ve Recep Tayyip Erdo\u011fan iktidar\u0131n\u0131n Suriye&#8217;de I\u015e\u0130D ve di\u011fer ter\u00f6r \u00e7etelere her t\u00fcrl\u00fc deste\u011fine yeni bir kan\u0131t olarak ABD Ulusal \u0130stihbarat \u015fefi James Clapper T\u00fcrkiye&#8217;deki ihvanc\u0131 AKP rejiminin d\u00fcnyan\u0131n her yerinden gelen yabanc\u0131 ter\u00f6ristlerin T\u00fcrkiye \u00fczerinden Suriye&#8217;ye giri\u015flerini destekleyip kolayla\u015ft\u0131rd\u0131\u011f\u0131n\u0131 belirtti. Clapper; Amerikan Senato Konseyinde silahl\u0131 kuvvetler komitesi \u00f6n\u00fcnde yapt\u0131\u011f\u0131 &hellip;<\/p>\n","protected":false},"author":1,"featured_media":25011,"comment_status":"closed","ping_status":"closed","sticky":false,"template":"","format":"standard","meta":{"footnotes":""},"categories":[458,459,447,2554,2555],"tags":[11910],"class_list":["post-25010","post","type-post","status-publish","format-standard","has-post-thumbnail","","category-dunya1","category-haberler-arap-uluslararasi-politika","category-politika","category-suriye-ve-dunya","category-suriye-ve-turkiye","tag-ihvanci-erdogan-rejiminin-iside-destegi-abdde-en-yuksek-guvenlik-yetkilisinden-geldi-washington-turkiyedeki-ihvanci-rejim-ve-recep-tayyip-erdogan-iktidarinin-suriyede-isi"],"_links":{"self":[{"href":"https:\/\/archive.sana.sy\/tr\/index.php?rest_route=\/wp\/v2\/posts\/25010","targetHints":{"allow":["GET"]}}],"collection":[{"href":"https:\/\/archive.sana.sy\/tr\/index.php?rest_route=\/wp\/v2\/posts"}],"about":[{"href":"https:\/\/archive.sana.sy\/tr\/index.php?rest_route=\/wp\/v2\/types\/post"}],"author":[{"embeddable":true,"href":"https:\/\/archive.sana.sy\/tr\/index.php?rest_route=\/wp\/v2\/users\/1"}],"replies":[{"embeddable":true,"href":"https:\/\/archive.sana.sy\/tr\/index.php?rest_route=%2Fwp%2Fv2%2Fcomments&post=25010"}],"version-history":[{"count":0,"href":"https:\/\/archive.sana.sy\/tr\/index.php?rest_route=\/wp\/v2\/posts\/25010\/revisions"}],"wp:featuredmedia":[{"embeddable":true,"href":"https:\/\/archive.sana.sy\/tr\/index.php?rest_route=\/wp\/v2\/media\/25011"}],"wp:attachment":[{"href":"https:\/\/archive.sana.sy\/tr\/index.php?rest_route=%2Fwp%2Fv2%2Fmedia&parent=25010"}],"wp:term":[{"taxonomy":"category","embeddable":true,"href":"https:\/\/archive.sana.sy\/tr\/index.php?rest_route=%2Fwp%2Fv2%2Fcategories&post=25010"},{"taxonomy":"post_tag","embeddable":true,"href":"https:\/\/archive.sana.sy\/tr\/index.php?rest_route=%2Fwp%2Fv2%2Ftags&post=25010"}],"curies":[{"name":"wp","href":"https:\/\/api.w.org\/{rel}","templated":true}]}}