{"id":250102,"date":"2022-02-17T21:00:01","date_gmt":"2022-02-17T19:00:01","guid":{"rendered":"http:\/\/107.6.182.27\/tr\/?p=250102"},"modified":"2022-02-18T08:59:53","modified_gmt":"2022-02-18T06:59:53","slug":"anber-mektebi-dogu-ve-bati-mimarisinin-harmanlanmasi-ve-yaraticilari-ortaya-cikaran-bir-okul","status":"publish","type":"post","link":"https:\/\/archive.sana.sy\/tr\/?p=250102","title":{"rendered":"Anber Mektebi.. Do\u011fu Ve Bat\u0131 Mimarisinin Harmanlanmas\u0131 Ve Yarat\u0131c\u0131lar\u0131 Ortaya \u00c7\u0131karan Bir Okul"},"content":{"rendered":"<p style=\"text-align: justify;\">\u015eAM &#8211; \u015eam evi bir insan\u0131, \u00f6zellikle g\u00fczellik unsurlar\u0131n\u0131n geni\u015f bir alana yay\u0131ld\u0131\u011f\u0131, alan, kanatlar\u0131n\u0131 s\u00fcsleyen kentsel yaz\u0131tlar ve ayr\u0131nt\u0131l\u0131 s\u00fcslemelerle kar\u0131\u015ft\u0131r\u0131lm\u0131\u015f \u015eam&#8217;\u0131n ikinci b\u00fcy\u00fck evi olan Anber Mektebi gibi eski ve de\u011ferli evler, salonlar\u0131 aras\u0131nda dola\u015fmaya iten benzersiz \u00f6zelliklere sahip b\u00fcy\u00fcleyici bir d\u00fcnyad\u0131r.<\/p>\n<p style=\"text-align: justify;\"><a href=\"http:\/\/107.6.182.27\/tr\/wp-content\/uploads\/2022\/02\/DSC_8679-scaled.jpg\"><img loading=\"lazy\" decoding=\"async\" class=\"size-medium wp-image-250104 alignright\" src=\"http:\/\/107.6.182.27\/tr\/wp-content\/uploads\/2022\/02\/DSC_8679-300x200.jpg\" alt=\"\" width=\"300\" height=\"200\" srcset=\"https:\/\/archive.sana.sy\/tr\/wp-content\/uploads\/2022\/02\/DSC_8679-300x200.jpg 300w, https:\/\/archive.sana.sy\/tr\/wp-content\/uploads\/2022\/02\/DSC_8679-1024x682.jpg 1024w, https:\/\/archive.sana.sy\/tr\/wp-content\/uploads\/2022\/02\/DSC_8679-150x100.jpg 150w, https:\/\/archive.sana.sy\/tr\/wp-content\/uploads\/2022\/02\/DSC_8679-768x511.jpg 768w, https:\/\/archive.sana.sy\/tr\/wp-content\/uploads\/2022\/02\/DSC_8679-1536x1022.jpg 1536w, https:\/\/archive.sana.sy\/tr\/wp-content\/uploads\/2022\/02\/DSC_8679-2048x1363.jpg 2048w\" sizes=\"auto, (max-width: 300px) 100vw, 300px\" \/><\/a><\/p>\n<p style=\"text-align: justify;\">Anber Mektebi sadece g\u00fczel bir \u015eam evi de\u011fil, 150 y\u0131l \u00f6nce a\u00e7\u0131l\u0131\u015f\u0131n\u0131n ard\u0131ndan Suriye Arap mar\u015f\u0131n\u0131n yazar\u0131 \u015fair Halil Merdem Bey, Bedevi el Cebel, Nizar Kabbani, eski Cumhurba\u015fkan\u0131 \u015e\u00fckr\u00fc el Kuvvetli, doktor H\u00fcsn\u00fc Sabbah ve Vatan tarihinde \u00f6nemli parmak izleri olan di\u011ferleri de dahil olmak \u00fczere en \u00f6nemli ulusal ve k\u00fclt\u00fcrel \u015fahsiyetlerin mezun oldu\u011fu bir okula d\u00f6n\u00fc\u015ft\u00fc.<\/p>\n<p style=\"text-align: justify;\">Eski \u015eam M\u00fcd\u00fcrl\u00fc\u011f\u00fc M\u00fcd\u00fcr\u00fc M\u00fchendis Mazen Farzli SANA K\u00fclt\u00fcr muhabirine, Anber Mektebi&#8217;nin tarihi \u00f6nemine de\u011finerek, &#8220;Bu bina, alan ve mimari unsurlar a\u00e7\u0131s\u0131ndan Al Azm Saray\u0131&#8217;ndan sonra en eksiksiz \u015eam evlerinden biri olarak kabul ediliyor. Birinci b\u00f6l\u00fcm erkekler i\u00e7in selaml\u0131k, ikincisi kad\u0131nlar i\u00e7in haremlik ve \u00fc\u00e7\u00fcnc\u00fcs\u00fc hizmet\u00e7iler i\u00e7in olmak \u00fczere \u00fc\u00e7 b\u00f6l\u00fcme ayr\u0131lm\u0131\u015ft\u0131r&#8221; dedi.<\/p>\n<p style=\"text-align: justify;\">Anber Mektebi&#8217;nin hi\u00e7bir zaman ev olarak kullan\u0131lmad\u0131\u011f\u0131na, Osmanl\u0131 i\u015fgal otoritelerine olan bor\u00e7lar\u0131n\u0131n birikmesi nedeniyle ilk sahibi Yusuf Anber&#8217;den el konuldu\u011funa ve ek cenahlar eklendi\u011fine, yaz\u0131 yeri anlam\u0131na gelen Mekteb ad\u0131n\u0131 ta\u015f\u0131d\u0131\u011f\u0131na, 19. y\u00fczy\u0131l\u0131n son \u00fc\u00e7te birinden, i\u00e7inde e\u011fitim tesisi olarak \u00e7al\u0131\u015fman\u0131n sona erdi\u011fi yetmi\u015fli y\u0131llara kadar farkl\u0131 \u00f6\u011fretim a\u015famalar\u0131 i\u00e7in bir okul olarak kabul edildi\u011fine. seksenlerin geli\u015fiyle, K\u00fclt\u00fcr Saray\u0131&#8217;n\u0131n ad\u0131 ve Eski \u015eam&#8217;\u0131n karargah\u0131 olarak kabul edildi\u011fine i\u015faret etti.<\/p>\n<p style=\"text-align: justify;\"><a href=\"http:\/\/107.6.182.27\/tr\/wp-content\/uploads\/2022\/02\/DSC_8663.jpg\"><img loading=\"lazy\" decoding=\"async\" class=\"size-medium wp-image-250105 alignright\" src=\"http:\/\/107.6.182.27\/tr\/wp-content\/uploads\/2022\/02\/DSC_8663-300x200.jpg\" alt=\"\" width=\"300\" height=\"200\" srcset=\"https:\/\/archive.sana.sy\/tr\/wp-content\/uploads\/2022\/02\/DSC_8663-300x200.jpg 300w, https:\/\/archive.sana.sy\/tr\/wp-content\/uploads\/2022\/02\/DSC_8663-150x100.jpg 150w, https:\/\/archive.sana.sy\/tr\/wp-content\/uploads\/2022\/02\/DSC_8663.jpg 660w\" sizes=\"auto, (max-width: 300px) 100vw, 300px\" \/><\/a><\/p>\n<p style=\"text-align: justify;\">Evin alan\u0131yla ilgili olarak Ferzli, bir eve atfedilmeyen geni\u015f bir alan olan 4000 metrekare oldu\u011funu, bu nedenle El Azm Saray\u0131&#8217;ndan sonra saraylar\u0131n saflar\u0131ndan biri olarak kabul edildi\u011fini ve \u015eam&#8217;\u0131n baz\u0131 mahallelerinde de bu t\u00fcr saraylar\u0131n bulundu\u011funu a\u00e7\u0131klad\u0131.<\/p>\n<p style=\"text-align: justify;\">Ferzli, ofisin Rokoko gibi Bat\u0131l\u0131 okullar\u0131n yan\u0131 s\u0131ra Me\u015frebiyeler, Ablaki mimarisi ve Damsco gibi dekoratif unsurlar\u0131yla \u00f6ne \u00e7\u0131kt\u0131\u011f\u0131n\u0131 belirterek, Amber Mektebi&#8217;nin in\u015fa s\u00fcrecinde Arap ve Avrupa k\u00fclt\u00fcrlerinin harmanlanmas\u0131n\u0131n parlayan bir g\u00f6r\u00fcnt\u00fcs\u00fc oldu\u011funa i\u015faret etti.<\/p>\n<p style=\"text-align: justify;\">Ferzli, Anber Mektebi&#8217;nin ilk tasar\u0131m\u0131nda bir\u00e7ok mek\u00e2n\u0131 kapsamas\u0131n\u0131n, \u015eam&#8217;daki ilk okullardan biri olmas\u0131 itibariyle \u00f6\u011frenciler i\u00e7in teras olarak kullan\u0131lan bir okul olarak istihdam\u0131n\u0131 kolayla\u015ft\u0131rd\u0131\u011f\u0131n\u0131 ve okul i\u00e7in herhangi bir de\u011fi\u015fiklik yap\u0131lmadan kullan\u0131lan 40 oday\u0131 i\u00e7erdi\u011fini belirterek, baz\u0131 \u015eam evlerinin \u015fimdiye kadar halen okul olarak kullan\u0131ld\u0131\u011f\u0131na dikkati \u00e7ekti.<\/p>\n<p style=\"text-align: justify;\">G\u00fcn\u00fcm\u00fczde yap\u0131n\u0131n temel \u015fekli, mek\u00e2nlar, g\u00f6ksel mek\u00e2nlar ve dekoratif unsurlar bak\u0131m\u0131ndan korunmu\u015f, Anber Mektebi&#8217;nin baz\u0131 b\u00f6l\u00fcmleri Eski \u015eam M\u00fcd\u00fcrl\u00fc\u011f\u00fc&#8217;n\u00fcn karargah\u0131 olarak kullan\u0131lm\u0131\u015f, b\u00f6ylece daha \u00e7ok k\u00fc\u00e7\u00fck bir valilik halini alm\u0131\u015f olup Ferzli&#8217;ye g\u00f6re eski \u015fehrin kalbi gibi vatanda\u015flara hizmet veren binad\u0131r.<\/p>\n<div id='gallery-1' class='gallery galleryid-250102 gallery-columns-4 gallery-size-thumbnail'><figure class='gallery-item'>\n\t\t\t<div class='gallery-icon landscape'>\n\t\t\t\t<a href='https:\/\/archive.sana.sy\/tr\/wp-content\/uploads\/2022\/02\/DSC_8617-scaled.jpg'><img loading=\"lazy\" decoding=\"async\" width=\"150\" height=\"100\" src=\"https:\/\/archive.sana.sy\/tr\/wp-content\/uploads\/2022\/02\/DSC_8617-150x100.jpg\" class=\"attachment-thumbnail size-thumbnail\" alt=\"\" srcset=\"https:\/\/archive.sana.sy\/tr\/wp-content\/uploads\/2022\/02\/DSC_8617-150x100.jpg 150w, https:\/\/archive.sana.sy\/tr\/wp-content\/uploads\/2022\/02\/DSC_8617-300x200.jpg 300w, https:\/\/archive.sana.sy\/tr\/wp-content\/uploads\/2022\/02\/DSC_8617-1024x682.jpg 1024w, https:\/\/archive.sana.sy\/tr\/wp-content\/uploads\/2022\/02\/DSC_8617-768x511.jpg 768w, https:\/\/archive.sana.sy\/tr\/wp-content\/uploads\/2022\/02\/DSC_8617-1536x1022.jpg 1536w, https:\/\/archive.sana.sy\/tr\/wp-content\/uploads\/2022\/02\/DSC_8617-2048x1363.jpg 2048w, https:\/\/archive.sana.sy\/tr\/wp-content\/uploads\/2022\/02\/DSC_8617-310x205.jpg 310w\" sizes=\"auto, (max-width: 150px) 100vw, 150px\" \/><\/a>\n\t\t\t<\/div><\/figure><figure class='gallery-item'>\n\t\t\t<div class='gallery-icon landscape'>\n\t\t\t\t<a href='https:\/\/archive.sana.sy\/tr\/wp-content\/uploads\/2022\/02\/DSC_8621-scaled.jpg'><img loading=\"lazy\" decoding=\"async\" width=\"150\" height=\"95\" src=\"https:\/\/archive.sana.sy\/tr\/wp-content\/uploads\/2022\/02\/DSC_8621-150x95.jpg\" class=\"attachment-thumbnail size-thumbnail\" alt=\"\" srcset=\"https:\/\/archive.sana.sy\/tr\/wp-content\/uploads\/2022\/02\/DSC_8621-150x95.jpg 150w, https:\/\/archive.sana.sy\/tr\/wp-content\/uploads\/2022\/02\/DSC_8621-300x191.jpg 300w, https:\/\/archive.sana.sy\/tr\/wp-content\/uploads\/2022\/02\/DSC_8621-1024x650.jpg 1024w, https:\/\/archive.sana.sy\/tr\/wp-content\/uploads\/2022\/02\/DSC_8621-768x488.jpg 768w, https:\/\/archive.sana.sy\/tr\/wp-content\/uploads\/2022\/02\/DSC_8621-1536x975.jpg 1536w, https:\/\/archive.sana.sy\/tr\/wp-content\/uploads\/2022\/02\/DSC_8621-2048x1301.jpg 2048w\" sizes=\"auto, (max-width: 150px) 100vw, 150px\" \/><\/a>\n\t\t\t<\/div><\/figure><figure class='gallery-item'>\n\t\t\t<div class='gallery-icon landscape'>\n\t\t\t\t<a href='https:\/\/archive.sana.sy\/tr\/wp-content\/uploads\/2022\/02\/DSC_8628-scaled.jpg'><img loading=\"lazy\" decoding=\"async\" width=\"150\" height=\"100\" src=\"https:\/\/archive.sana.sy\/tr\/wp-content\/uploads\/2022\/02\/DSC_8628-150x100.jpg\" class=\"attachment-thumbnail size-thumbnail\" alt=\"\" srcset=\"https:\/\/archive.sana.sy\/tr\/wp-content\/uploads\/2022\/02\/DSC_8628-150x100.jpg 150w, https:\/\/archive.sana.sy\/tr\/wp-content\/uploads\/2022\/02\/DSC_8628-300x200.jpg 300w, https:\/\/archive.sana.sy\/tr\/wp-content\/uploads\/2022\/02\/DSC_8628-1024x682.jpg 1024w, https:\/\/archive.sana.sy\/tr\/wp-content\/uploads\/2022\/02\/DSC_8628-768x511.jpg 768w, https:\/\/archive.sana.sy\/tr\/wp-content\/uploads\/2022\/02\/DSC_8628-1536x1022.jpg 1536w, https:\/\/archive.sana.sy\/tr\/wp-content\/uploads\/2022\/02\/DSC_8628-2048x1363.jpg 2048w, https:\/\/archive.sana.sy\/tr\/wp-content\/uploads\/2022\/02\/DSC_8628-310x205.jpg 310w\" sizes=\"auto, (max-width: 150px) 100vw, 150px\" \/><\/a>\n\t\t\t<\/div><\/figure><figure class='gallery-item'>\n\t\t\t<div class='gallery-icon landscape'>\n\t\t\t\t<a href='https:\/\/archive.sana.sy\/tr\/wp-content\/uploads\/2022\/02\/DSC_8630-scaled.jpg'><img loading=\"lazy\" decoding=\"async\" width=\"150\" height=\"97\" src=\"https:\/\/archive.sana.sy\/tr\/wp-content\/uploads\/2022\/02\/DSC_8630-150x97.jpg\" class=\"attachment-thumbnail size-thumbnail\" alt=\"\" srcset=\"https:\/\/archive.sana.sy\/tr\/wp-content\/uploads\/2022\/02\/DSC_8630-150x97.jpg 150w, https:\/\/archive.sana.sy\/tr\/wp-content\/uploads\/2022\/02\/DSC_8630-300x195.jpg 300w, https:\/\/archive.sana.sy\/tr\/wp-content\/uploads\/2022\/02\/DSC_8630-1024x664.jpg 1024w, https:\/\/archive.sana.sy\/tr\/wp-content\/uploads\/2022\/02\/DSC_8630-768x498.jpg 768w, https:\/\/archive.sana.sy\/tr\/wp-content\/uploads\/2022\/02\/DSC_8630-1536x996.jpg 1536w, https:\/\/archive.sana.sy\/tr\/wp-content\/uploads\/2022\/02\/DSC_8630-2048x1328.jpg 2048w\" sizes=\"auto, (max-width: 150px) 100vw, 150px\" \/><\/a>\n\t\t\t<\/div><\/figure><figure class='gallery-item'>\n\t\t\t<div class='gallery-icon landscape'>\n\t\t\t\t<a href='https:\/\/archive.sana.sy\/tr\/wp-content\/uploads\/2022\/02\/DSC_8637-scaled.jpg'><img loading=\"lazy\" decoding=\"async\" width=\"150\" height=\"97\" src=\"https:\/\/archive.sana.sy\/tr\/wp-content\/uploads\/2022\/02\/DSC_8637-150x97.jpg\" class=\"attachment-thumbnail size-thumbnail\" alt=\"\" srcset=\"https:\/\/archive.sana.sy\/tr\/wp-content\/uploads\/2022\/02\/DSC_8637-150x97.jpg 150w, https:\/\/archive.sana.sy\/tr\/wp-content\/uploads\/2022\/02\/DSC_8637-300x193.jpg 300w, https:\/\/archive.sana.sy\/tr\/wp-content\/uploads\/2022\/02\/DSC_8637-1024x660.jpg 1024w, https:\/\/archive.sana.sy\/tr\/wp-content\/uploads\/2022\/02\/DSC_8637-768x495.jpg 768w, https:\/\/archive.sana.sy\/tr\/wp-content\/uploads\/2022\/02\/DSC_8637-1536x991.jpg 1536w, https:\/\/archive.sana.sy\/tr\/wp-content\/uploads\/2022\/02\/DSC_8637-2048x1321.jpg 2048w\" sizes=\"auto, (max-width: 150px) 100vw, 150px\" \/><\/a>\n\t\t\t<\/div><\/figure><figure class='gallery-item'>\n\t\t\t<div class='gallery-icon landscape'>\n\t\t\t\t<a href='https:\/\/archive.sana.sy\/tr\/wp-content\/uploads\/2022\/02\/DSC_8662-scaled.jpg'><img loading=\"lazy\" decoding=\"async\" width=\"150\" height=\"106\" src=\"https:\/\/archive.sana.sy\/tr\/wp-content\/uploads\/2022\/02\/DSC_8662-150x106.jpg\" class=\"attachment-thumbnail size-thumbnail\" alt=\"\" srcset=\"https:\/\/archive.sana.sy\/tr\/wp-content\/uploads\/2022\/02\/DSC_8662-150x106.jpg 150w, https:\/\/archive.sana.sy\/tr\/wp-content\/uploads\/2022\/02\/DSC_8662-300x211.jpg 300w, https:\/\/archive.sana.sy\/tr\/wp-content\/uploads\/2022\/02\/DSC_8662-1024x721.jpg 1024w, https:\/\/archive.sana.sy\/tr\/wp-content\/uploads\/2022\/02\/DSC_8662-768x541.jpg 768w, https:\/\/archive.sana.sy\/tr\/wp-content\/uploads\/2022\/02\/DSC_8662-1536x1081.jpg 1536w, https:\/\/archive.sana.sy\/tr\/wp-content\/uploads\/2022\/02\/DSC_8662-2048x1442.jpg 2048w\" sizes=\"auto, (max-width: 150px) 100vw, 150px\" \/><\/a>\n\t\t\t<\/div><\/figure><figure class='gallery-item'>\n\t\t\t<div class='gallery-icon landscape'>\n\t\t\t\t<a href='https:\/\/archive.sana.sy\/tr\/wp-content\/uploads\/2022\/02\/DSC_8672-scaled.jpg'><img loading=\"lazy\" decoding=\"async\" width=\"150\" height=\"100\" src=\"https:\/\/archive.sana.sy\/tr\/wp-content\/uploads\/2022\/02\/DSC_8672-150x100.jpg\" class=\"attachment-thumbnail size-thumbnail\" alt=\"\" srcset=\"https:\/\/archive.sana.sy\/tr\/wp-content\/uploads\/2022\/02\/DSC_8672-150x100.jpg 150w, https:\/\/archive.sana.sy\/tr\/wp-content\/uploads\/2022\/02\/DSC_8672-300x200.jpg 300w, https:\/\/archive.sana.sy\/tr\/wp-content\/uploads\/2022\/02\/DSC_8672-1024x682.jpg 1024w, https:\/\/archive.sana.sy\/tr\/wp-content\/uploads\/2022\/02\/DSC_8672-768x511.jpg 768w, https:\/\/archive.sana.sy\/tr\/wp-content\/uploads\/2022\/02\/DSC_8672-1536x1022.jpg 1536w, https:\/\/archive.sana.sy\/tr\/wp-content\/uploads\/2022\/02\/DSC_8672-2048x1363.jpg 2048w, https:\/\/archive.sana.sy\/tr\/wp-content\/uploads\/2022\/02\/DSC_8672-310x205.jpg 310w\" sizes=\"auto, (max-width: 150px) 100vw, 150px\" \/><\/a>\n\t\t\t<\/div><\/figure><figure class='gallery-item'>\n\t\t\t<div class='gallery-icon landscape'>\n\t\t\t\t<a href='https:\/\/archive.sana.sy\/tr\/wp-content\/uploads\/2022\/02\/DSC_8689-scaled.jpg'><img loading=\"lazy\" decoding=\"async\" width=\"150\" height=\"100\" src=\"https:\/\/archive.sana.sy\/tr\/wp-content\/uploads\/2022\/02\/DSC_8689-150x100.jpg\" class=\"attachment-thumbnail size-thumbnail\" alt=\"\" srcset=\"https:\/\/archive.sana.sy\/tr\/wp-content\/uploads\/2022\/02\/DSC_8689-150x100.jpg 150w, https:\/\/archive.sana.sy\/tr\/wp-content\/uploads\/2022\/02\/DSC_8689-300x200.jpg 300w, https:\/\/archive.sana.sy\/tr\/wp-content\/uploads\/2022\/02\/DSC_8689-1024x682.jpg 1024w, https:\/\/archive.sana.sy\/tr\/wp-content\/uploads\/2022\/02\/DSC_8689-768x511.jpg 768w, https:\/\/archive.sana.sy\/tr\/wp-content\/uploads\/2022\/02\/DSC_8689-1536x1022.jpg 1536w, https:\/\/archive.sana.sy\/tr\/wp-content\/uploads\/2022\/02\/DSC_8689-2048x1363.jpg 2048w, https:\/\/archive.sana.sy\/tr\/wp-content\/uploads\/2022\/02\/DSC_8689-310x205.jpg 310w\" sizes=\"auto, (max-width: 150px) 100vw, 150px\" \/><\/a>\n\t\t\t<\/div><\/figure>\n\t\t<\/div>\n\n","protected":false},"excerpt":{"rendered":"<p>\u015eAM &#8211; \u015eam evi bir insan\u0131, \u00f6zellikle g\u00fczellik unsurlar\u0131n\u0131n geni\u015f bir alana yay\u0131ld\u0131\u011f\u0131, alan, kanatlar\u0131n\u0131 s\u00fcsleyen kentsel yaz\u0131tlar ve ayr\u0131nt\u0131l\u0131 s\u00fcslemelerle kar\u0131\u015ft\u0131r\u0131lm\u0131\u015f \u015eam&#8217;\u0131n ikinci b\u00fcy\u00fck evi olan Anber Mektebi gibi eski ve de\u011ferli evler, salonlar\u0131 aras\u0131nda dola\u015fmaya iten benzersiz \u00f6zelliklere sahip b\u00fcy\u00fcleyici bir d\u00fcnyad\u0131r. Anber Mektebi sadece g\u00fczel bir \u015eam evi de\u011fil, 150 y\u0131l \u00f6nce &hellip;<\/p>\n","protected":false},"author":1,"featured_media":250103,"comment_status":"closed","ping_status":"closed","sticky":false,"template":"","format":"standard","meta":{"footnotes":""},"categories":[516,479,511,17988,478],"tags":[],"class_list":["post-250102","post","type-post","status-publish","format-standard","has-post-thumbnail","","category-haberler-kultur-ve-sanat","category-haberler-yerel","category-kultur-ve-sanat","category-son-haberler","category-yerel"],"_links":{"self":[{"href":"https:\/\/archive.sana.sy\/tr\/index.php?rest_route=\/wp\/v2\/posts\/250102","targetHints":{"allow":["GET"]}}],"collection":[{"href":"https:\/\/archive.sana.sy\/tr\/index.php?rest_route=\/wp\/v2\/posts"}],"about":[{"href":"https:\/\/archive.sana.sy\/tr\/index.php?rest_route=\/wp\/v2\/types\/post"}],"author":[{"embeddable":true,"href":"https:\/\/archive.sana.sy\/tr\/index.php?rest_route=\/wp\/v2\/users\/1"}],"replies":[{"embeddable":true,"href":"https:\/\/archive.sana.sy\/tr\/index.php?rest_route=%2Fwp%2Fv2%2Fcomments&post=250102"}],"version-history":[{"count":0,"href":"https:\/\/archive.sana.sy\/tr\/index.php?rest_route=\/wp\/v2\/posts\/250102\/revisions"}],"wp:featuredmedia":[{"embeddable":true,"href":"https:\/\/archive.sana.sy\/tr\/index.php?rest_route=\/wp\/v2\/media\/250103"}],"wp:attachment":[{"href":"https:\/\/archive.sana.sy\/tr\/index.php?rest_route=%2Fwp%2Fv2%2Fmedia&parent=250102"}],"wp:term":[{"taxonomy":"category","embeddable":true,"href":"https:\/\/archive.sana.sy\/tr\/index.php?rest_route=%2Fwp%2Fv2%2Fcategories&post=250102"},{"taxonomy":"post_tag","embeddable":true,"href":"https:\/\/archive.sana.sy\/tr\/index.php?rest_route=%2Fwp%2Fv2%2Ftags&post=250102"}],"curies":[{"name":"wp","href":"https:\/\/api.w.org\/{rel}","templated":true}]}}