{"id":250116,"date":"2022-02-17T21:10:33","date_gmt":"2022-02-17T19:10:33","guid":{"rendered":"http:\/\/107.6.182.27\/tr\/?p=250116"},"modified":"2022-02-18T08:58:54","modified_gmt":"2022-02-18T06:58:54","slug":"sam-universitesi-dis-hekimligi-fakultesinde-yeni-bir-ihtisas-cerrahi-klinigi","status":"publish","type":"post","link":"https:\/\/archive.sana.sy\/tr\/?p=250116","title":{"rendered":"\u015eam \u00dcniversitesi Di\u015f Hekimli\u011fi Fak\u00fcltesi&#8217;nde Yeni Bir \u0130htisas Cerrahi Klini\u011fi"},"content":{"rendered":"<p style=\"text-align: justify;\">\u015eAM &#8211; \u015eam \u00dcniversitesi Di\u015f Hekimli\u011fi Fak\u00fcltesinde bug\u00fcn, A\u011f\u0131z, Di\u015f ve \u00c7ene Cerrahisi Anabilim Dal\u0131&#8217;nda y\u00fcksek lisans \u00f6\u011frencileri i\u00e7in yeni bir ihtisas cerrahi klini\u011fi a\u00e7t\u0131.<\/p>\n<p><a href=\"http:\/\/107.6.182.27\/tr\/wp-content\/uploads\/2022\/02\/6-6.jpg\"><img loading=\"lazy\" decoding=\"async\" class=\"size-medium wp-image-250118 alignright\" src=\"http:\/\/107.6.182.27\/tr\/wp-content\/uploads\/2022\/02\/6-6-300x200.jpg\" alt=\"\" width=\"300\" height=\"200\" srcset=\"https:\/\/archive.sana.sy\/tr\/wp-content\/uploads\/2022\/02\/6-6-300x200.jpg 300w, https:\/\/archive.sana.sy\/tr\/wp-content\/uploads\/2022\/02\/6-6-150x100.jpg 150w, https:\/\/archive.sana.sy\/tr\/wp-content\/uploads\/2022\/02\/6-6.jpg 660w\" sizes=\"auto, (max-width: 300px) 100vw, 300px\" \/><\/a><\/p>\n<p style=\"text-align: justify;\">\u015eam \u00dcniversitesi Rekt\u00f6r\u00fc Dr. Muhammad Usame Al Cebban yapt\u0131\u011f\u0131 bas\u0131n a\u00e7\u0131klamas\u0131nda, a\u00e7\u0131l\u0131\u015f\u0131n fak\u00fcltenin e\u011fitim ve akademik s\u00fcrecin kalitesini sa\u011flamak ve hastalara hizmet vermekte en iyi t\u0131bbi ve tedaviyi sa\u011flamak i\u00e7in laboratuvarlar\u0131n\u0131 ve kliniklerini geli\u015ftirme plan\u0131 kapsam\u0131nda oldu\u011funu belirtti.<\/p>\n<p style=\"text-align: justify;\">Al Cebban, klini\u011fin d\u00f6rd\u00fcnc\u00fc ve be\u015finci y\u0131llarda lisans \u00f6\u011frencileri yeti\u015ftiren kliniklerin \u00fczerindeki y\u00fck\u00fc azaltaca\u011f\u0131n\u0131 belirterek, Di\u015f Hekimli\u011fi Fak\u00fcltesi&#8217;nin bilimsel ve akademik d\u00fczeyini y\u00fckseltmek ve hizmetlerinin kalitesini art\u0131rmak i\u00e7in \u00f6nemli ad\u0131mlar att\u0131\u011f\u0131n\u0131 kaydetti.<\/p>\n<p style=\"text-align: justify;\">Buna kar\u015f\u0131l\u0131k Di\u015f Hekimli\u011fi Fak\u00fcltesi Dekan\u0131 Dr. Haldun Dervi\u015f, yeni klini\u011fin e\u011fitim ve hizmet s\u00fcrecinin t\u00fcm bile\u015fenlerine olumlu bir \u015fekilde yans\u0131yaca\u011f\u0131n\u0131 ve lisans\u00fcst\u00fc \u00f6\u011frencilerine klinikten ayr\u0131 bir yer sa\u011flayarak onlar\u0131 yeti\u015ftirmek i\u00e7in daha iyi ko\u015fullar yarataca\u011f\u0131n\u0131 a\u00e7\u0131klayarak, klini\u011fin, \u015eam \u00dcniversitesi Tam Zamanl\u0131 Akademik ve Mesleki Uygulama M\u00fcd\u00fcrl\u00fc\u011f\u00fc ve El Necah T\u0131bbi Ekipman \u015eirketi taraf\u0131ndan sa\u011flanan fonlarla g\u00fcvence alt\u0131na al\u0131nan modern t\u0131bbi ekipman ve ara\u00e7lar\u0131 i\u00e7erdi\u011fini belirtti.<\/p>\n<p><a href=\"http:\/\/107.6.182.27\/tr\/wp-content\/uploads\/2022\/02\/7-3.jpg\"><img loading=\"lazy\" decoding=\"async\" class=\"size-medium wp-image-250119 alignright\" src=\"http:\/\/107.6.182.27\/tr\/wp-content\/uploads\/2022\/02\/7-3-300x194.jpg\" alt=\"\" width=\"300\" height=\"194\" srcset=\"https:\/\/archive.sana.sy\/tr\/wp-content\/uploads\/2022\/02\/7-3-300x194.jpg 300w, https:\/\/archive.sana.sy\/tr\/wp-content\/uploads\/2022\/02\/7-3-150x97.jpg 150w, https:\/\/archive.sana.sy\/tr\/wp-content\/uploads\/2022\/02\/7-3.jpg 660w\" sizes=\"auto, (max-width: 300px) 100vw, 300px\" \/><\/a><\/p>\n<p style=\"text-align: justify;\">A\u011f\u0131z, Di\u015f ve \u00c7ene Cerrahisi Anabilim Dal\u0131 Ba\u015fkan\u0131 Dr. Basil Berrad, uygulamal\u0131 e\u011fitimlerini bir klinikte ger\u00e7ekle\u015ftiren \u00f6\u011frenci yo\u011funlu\u011funun, her \u00f6\u011frenciye kendisinden gerekli olan uygulamal\u0131 e\u011fitim i\u00e7in ayr\u0131lan pay\u0131n boyutunu olumsuz etkiledi\u011fini belirterek, \u015funlar\u0131 kaydetti: Fak\u00fclte, \u00e7ene cerrahisi alan\u0131nda uzmanla\u015fan lisans\u00fcst\u00fc \u00f6\u011frencilerin e\u011fitim yeri ile \u00f6n \u00f6\u011frenci mezuniyetini ay\u0131rarak \u00e7\u00f6z\u00fcm buldu, dedi.<\/p>\n<p style=\"text-align: justify;\">Berrad&#8217;e g\u00f6re, yeni klinikle birlikte a\u011f\u0131z, di\u015f ve \u00e7ene cerrahisi b\u00f6l\u00fcm\u00fcnde lisans\u00fcst\u00fc \u00f6\u011frencilere ayr\u0131lan koltuk say\u0131s\u0131 14&#8217;e y\u00fckseldi.<\/p>\n<p style=\"text-align: justify;\">Yakla\u015f\u0131k d\u00f6rt bin \u00f6\u011frencinin e\u011fitim g\u00f6rd\u00fc\u011f\u00fc Di\u015f Hekimli\u011fi Fak\u00fcltesi, a\u011f\u0131z hastal\u0131klar\u0131, cerrahi, \u00e7ene, ortodonti, protez, sabit di\u015f, periodontoloji, \u00e7ocuk di\u015f hekimli\u011fi, tedavi, protez, hareketli di\u015f, histoloji, patoloji ve ya\u015fam bilimlerini i\u00e7eriyor.<\/p>\n","protected":false},"excerpt":{"rendered":"<p>\u015eAM &#8211; \u015eam \u00dcniversitesi Di\u015f Hekimli\u011fi Fak\u00fcltesinde bug\u00fcn, A\u011f\u0131z, Di\u015f ve \u00c7ene Cerrahisi Anabilim Dal\u0131&#8217;nda y\u00fcksek lisans \u00f6\u011frencileri i\u00e7in yeni bir ihtisas cerrahi klini\u011fi a\u00e7t\u0131. \u015eam \u00dcniversitesi Rekt\u00f6r\u00fc Dr. Muhammad Usame Al Cebban yapt\u0131\u011f\u0131 bas\u0131n a\u00e7\u0131klamas\u0131nda, a\u00e7\u0131l\u0131\u015f\u0131n fak\u00fcltenin e\u011fitim ve akademik s\u00fcrecin kalitesini sa\u011flamak ve hastalara hizmet vermekte en iyi t\u0131bbi ve tedaviyi sa\u011flamak i\u00e7in &hellip;<\/p>\n","protected":false},"author":1,"featured_media":250117,"comment_status":"closed","ping_status":"closed","sticky":false,"template":"","format":"standard","meta":{"footnotes":""},"categories":[526,479,17988,525,478],"tags":[],"class_list":["post-250116","post","type-post","status-publish","format-standard","has-post-thumbnail","","category-haber-ve-raporlar","category-haberler-yerel","category-son-haberler","category-toplum","category-yerel"],"_links":{"self":[{"href":"https:\/\/archive.sana.sy\/tr\/index.php?rest_route=\/wp\/v2\/posts\/250116","targetHints":{"allow":["GET"]}}],"collection":[{"href":"https:\/\/archive.sana.sy\/tr\/index.php?rest_route=\/wp\/v2\/posts"}],"about":[{"href":"https:\/\/archive.sana.sy\/tr\/index.php?rest_route=\/wp\/v2\/types\/post"}],"author":[{"embeddable":true,"href":"https:\/\/archive.sana.sy\/tr\/index.php?rest_route=\/wp\/v2\/users\/1"}],"replies":[{"embeddable":true,"href":"https:\/\/archive.sana.sy\/tr\/index.php?rest_route=%2Fwp%2Fv2%2Fcomments&post=250116"}],"version-history":[{"count":0,"href":"https:\/\/archive.sana.sy\/tr\/index.php?rest_route=\/wp\/v2\/posts\/250116\/revisions"}],"wp:featuredmedia":[{"embeddable":true,"href":"https:\/\/archive.sana.sy\/tr\/index.php?rest_route=\/wp\/v2\/media\/250117"}],"wp:attachment":[{"href":"https:\/\/archive.sana.sy\/tr\/index.php?rest_route=%2Fwp%2Fv2%2Fmedia&parent=250116"}],"wp:term":[{"taxonomy":"category","embeddable":true,"href":"https:\/\/archive.sana.sy\/tr\/index.php?rest_route=%2Fwp%2Fv2%2Fcategories&post=250116"},{"taxonomy":"post_tag","embeddable":true,"href":"https:\/\/archive.sana.sy\/tr\/index.php?rest_route=%2Fwp%2Fv2%2Ftags&post=250116"}],"curies":[{"name":"wp","href":"https:\/\/api.w.org\/{rel}","templated":true}]}}