{"id":25013,"date":"2015-02-27T13:25:58","date_gmt":"2015-02-27T11:25:58","guid":{"rendered":"http:\/\/www.sana.sy\/tr\/?p=25013"},"modified":"2015-02-27T13:49:24","modified_gmt":"2015-02-27T11:49:24","slug":"fransizlarin-%88i-senato-heyetinin-ziyaretini-destekliyor","status":"publish","type":"post","link":"https:\/\/archive.sana.sy\/tr\/?p=25013","title":{"rendered":"Frans\u0131zlar\u0131n %88\u2019i Senato Heyetinin Ziyaretini Destekliyor"},"content":{"rendered":"<p>PAR\u0130S \u2013 Frans\u0131z Birinci Haber Kanal\u0131n\u0131n haz\u0131rlad\u0131\u011f\u0131 bir kamuoyu ara\u015ft\u0131rmas\u0131na g\u00f6re Frans\u0131zlar\u0131n %88\u2019inin Frans\u0131z Senato heyetinin Suriye&#8217;ye bulundu\u011fu ziyareti desteklediklerini ortaya koydu.<\/p>\n<p>Fransa rejimi ile Fransa halk\u0131 aras\u0131ndaki u\u00e7uruma yeni bir kan\u0131t te\u015fkil eden kamuoyu ara\u015ft\u0131rmas\u0131nda Frans\u0131zlara; Frans\u0131z parlamenterlerin Suriye h\u00fck\u00fcmeti ile diyalogu yeniden ba\u015flatmalar\u0131n\u0131 onayl\u0131yor musunuz?\u2019 sorusuna halk\u0131n %88\u2019i evet dedi.<\/p>\n<p>Frans\u0131z senato heyeti Suriye&#8217;yi ziyaret ederek Cumhurba\u015fkan\u0131 Be\u015f\u015fr el Esad ba\u015fta olmak \u00fczere bir dizi g\u00f6r\u00fc\u015fmelerde bulunmu\u015f ve Suriye&#8217;de bir \u00e7ok b\u00f6lgeye saha gezisinde bulunarak durumlar\u0131 yak\u0131ndan g\u00f6zlemlemi\u015fti.<\/p>\n<p>A.A. &#8211; R.H.<\/p>\n","protected":false},"excerpt":{"rendered":"<p>PAR\u0130S \u2013 Frans\u0131z Birinci Haber Kanal\u0131n\u0131n haz\u0131rlad\u0131\u011f\u0131 bir kamuoyu ara\u015ft\u0131rmas\u0131na g\u00f6re Frans\u0131zlar\u0131n %88\u2019inin Frans\u0131z Senato heyetinin Suriye&#8217;ye bulundu\u011fu ziyareti desteklediklerini ortaya koydu. Fransa rejimi ile Fransa halk\u0131 aras\u0131ndaki u\u00e7uruma yeni bir kan\u0131t te\u015fkil eden kamuoyu ara\u015ft\u0131rmas\u0131nda Frans\u0131zlara; Frans\u0131z parlamenterlerin Suriye h\u00fck\u00fcmeti ile diyalogu yeniden ba\u015flatmalar\u0131n\u0131 onayl\u0131yor musunuz?\u2019 sorusuna halk\u0131n %88\u2019i evet dedi. Frans\u0131z senato heyeti &hellip;<\/p>\n","protected":false},"author":1,"featured_media":25014,"comment_status":"closed","ping_status":"closed","sticky":false,"template":"","format":"standard","meta":{"footnotes":""},"categories":[458,459,447],"tags":[11911],"class_list":["post-25013","post","type-post","status-publish","format-standard","has-post-thumbnail","","category-dunya1","category-haberler-arap-uluslararasi-politika","category-politika","tag-fransizlarin-i-senato-heyetinin-ziyaretini-destekliyor-paris-fransiz-birinci-haber-kanalinin-hazirladigi-bir-kamuoyu-arastirmasina-gore-fransizlarin-inin-fransiz-senato-hey"],"_links":{"self":[{"href":"https:\/\/archive.sana.sy\/tr\/index.php?rest_route=\/wp\/v2\/posts\/25013","targetHints":{"allow":["GET"]}}],"collection":[{"href":"https:\/\/archive.sana.sy\/tr\/index.php?rest_route=\/wp\/v2\/posts"}],"about":[{"href":"https:\/\/archive.sana.sy\/tr\/index.php?rest_route=\/wp\/v2\/types\/post"}],"author":[{"embeddable":true,"href":"https:\/\/archive.sana.sy\/tr\/index.php?rest_route=\/wp\/v2\/users\/1"}],"replies":[{"embeddable":true,"href":"https:\/\/archive.sana.sy\/tr\/index.php?rest_route=%2Fwp%2Fv2%2Fcomments&post=25013"}],"version-history":[{"count":0,"href":"https:\/\/archive.sana.sy\/tr\/index.php?rest_route=\/wp\/v2\/posts\/25013\/revisions"}],"wp:featuredmedia":[{"embeddable":true,"href":"https:\/\/archive.sana.sy\/tr\/index.php?rest_route=\/wp\/v2\/media\/25014"}],"wp:attachment":[{"href":"https:\/\/archive.sana.sy\/tr\/index.php?rest_route=%2Fwp%2Fv2%2Fmedia&parent=25013"}],"wp:term":[{"taxonomy":"category","embeddable":true,"href":"https:\/\/archive.sana.sy\/tr\/index.php?rest_route=%2Fwp%2Fv2%2Fcategories&post=25013"},{"taxonomy":"post_tag","embeddable":true,"href":"https:\/\/archive.sana.sy\/tr\/index.php?rest_route=%2Fwp%2Fv2%2Ftags&post=25013"}],"curies":[{"name":"wp","href":"https:\/\/api.w.org\/{rel}","templated":true}]}}