{"id":250157,"date":"2022-02-18T09:59:52","date_gmt":"2022-02-18T07:59:52","guid":{"rendered":"http:\/\/107.6.182.27\/tr\/?p=250157"},"modified":"2022-02-19T09:12:11","modified_gmt":"2022-02-19T07:12:11","slug":"bir-avrupa-partisi-suriyeye-uygulanan-zorlayici-yaptirimlari-kinadi","status":"publish","type":"post","link":"https:\/\/archive.sana.sy\/tr\/?p=250157","title":{"rendered":"Bir Avrupa Partisi, Suriye&#8217;ye Uygulanan Zorlay\u0131c\u0131 Yapt\u0131r\u0131mlar\u0131 K\u0131nad\u0131"},"content":{"rendered":"<p>HAVANA \u2013 Avrupa Sol Partisi, Suriye&#8217;ye dayat\u0131lan tek tarafl\u0131 zorlay\u0131c\u0131 ekonomik yapt\u0131r\u0131mlar\u0131 k\u0131nad\u0131 ve bunlar\u0131n Birle\u015fmi\u015f Milletler S\u00f6zle\u015fmesi&#8217;ni ihlal etti\u011fini vurgulad\u0131.<\/p>\n<p>K\u00fcba&#8217;y\u0131 ziyaret eden partiden bir heyet i\u00e7in d\u00fczenlenen bas\u0131n toplant\u0131s\u0131nda ve SANA&#8217;n\u0131n Havana&#8217;daki muhabirinin Suriye&#8217;ye uygulanan zorlay\u0131c\u0131 yapt\u0131r\u0131mlarla ilgili sorusuna partinin ba\u015fkan yard\u0131mc\u0131s\u0131 Mite Mola, Avrupa solu, ABD&#8217;nin Suriye, K\u00fcba, Venez\u00fcella&#8217;ya dayatt\u0131\u011f\u0131 tek tarafl\u0131 zorlay\u0131c\u0131 yapt\u0131r\u0131mlar\u0131 ve di\u011fer \u00fclkelere y\u00f6nelik benzeri t\u00fcm \u00f6nlemleri insan haklar\u0131 ihlali olu\u015fturdu\u011fu ve halklara do\u011frudan zarar verdi\u011fi i\u00e7in k\u0131nad\u0131\u011f\u0131n\u0131 belirtti.<\/p>\n<p>Ayn\u0131 ba\u011flamda, heyetin bir \u00fcyesi ve eski Yunanistan D\u0131\u015fi\u015fleri Bakan\u0131 George Katrugalos, egemen \u00fclkelere kar\u015f\u0131 tek tarafl\u0131 zorlay\u0131c\u0131 yapt\u0131r\u0131mlar\u0131 reddetti\u011fini ifade ederek, t\u00fcm halklar\u0131n bar\u0131\u015f i\u00e7inde ya\u015fayabilmesi i\u00e7in Birle\u015fmi\u015f Milletler \u015eart\u0131&#8217;na sayg\u0131 g\u00f6sterilmesi \u00e7a\u011fr\u0131s\u0131nda bulunuyor.<\/p>\n","protected":false},"excerpt":{"rendered":"<p>HAVANA \u2013 Avrupa Sol Partisi, Suriye&#8217;ye dayat\u0131lan tek tarafl\u0131 zorlay\u0131c\u0131 ekonomik yapt\u0131r\u0131mlar\u0131 k\u0131nad\u0131 ve bunlar\u0131n Birle\u015fmi\u015f Milletler S\u00f6zle\u015fmesi&#8217;ni ihlal etti\u011fini vurgulad\u0131. K\u00fcba&#8217;y\u0131 ziyaret eden partiden bir heyet i\u00e7in d\u00fczenlenen bas\u0131n toplant\u0131s\u0131nda ve SANA&#8217;n\u0131n Havana&#8217;daki muhabirinin Suriye&#8217;ye uygulanan zorlay\u0131c\u0131 yapt\u0131r\u0131mlarla ilgili sorusuna partinin ba\u015fkan yard\u0131mc\u0131s\u0131 Mite Mola, Avrupa solu, ABD&#8217;nin Suriye, K\u00fcba, Venez\u00fcella&#8217;ya dayatt\u0131\u011f\u0131 tek tarafl\u0131 &hellip;<\/p>\n","protected":false},"author":36,"featured_media":250158,"comment_status":"closed","ping_status":"closed","sticky":false,"template":"","format":"standard","meta":{"footnotes":""},"categories":[458,459,17988],"tags":[],"class_list":["post-250157","post","type-post","status-publish","format-standard","has-post-thumbnail","","category-dunya1","category-haberler-arap-uluslararasi-politika","category-son-haberler"],"_links":{"self":[{"href":"https:\/\/archive.sana.sy\/tr\/index.php?rest_route=\/wp\/v2\/posts\/250157","targetHints":{"allow":["GET"]}}],"collection":[{"href":"https:\/\/archive.sana.sy\/tr\/index.php?rest_route=\/wp\/v2\/posts"}],"about":[{"href":"https:\/\/archive.sana.sy\/tr\/index.php?rest_route=\/wp\/v2\/types\/post"}],"author":[{"embeddable":true,"href":"https:\/\/archive.sana.sy\/tr\/index.php?rest_route=\/wp\/v2\/users\/36"}],"replies":[{"embeddable":true,"href":"https:\/\/archive.sana.sy\/tr\/index.php?rest_route=%2Fwp%2Fv2%2Fcomments&post=250157"}],"version-history":[{"count":0,"href":"https:\/\/archive.sana.sy\/tr\/index.php?rest_route=\/wp\/v2\/posts\/250157\/revisions"}],"wp:featuredmedia":[{"embeddable":true,"href":"https:\/\/archive.sana.sy\/tr\/index.php?rest_route=\/wp\/v2\/media\/250158"}],"wp:attachment":[{"href":"https:\/\/archive.sana.sy\/tr\/index.php?rest_route=%2Fwp%2Fv2%2Fmedia&parent=250157"}],"wp:term":[{"taxonomy":"category","embeddable":true,"href":"https:\/\/archive.sana.sy\/tr\/index.php?rest_route=%2Fwp%2Fv2%2Fcategories&post=250157"},{"taxonomy":"post_tag","embeddable":true,"href":"https:\/\/archive.sana.sy\/tr\/index.php?rest_route=%2Fwp%2Fv2%2Ftags&post=250157"}],"curies":[{"name":"wp","href":"https:\/\/api.w.org\/{rel}","templated":true}]}}