{"id":250166,"date":"2022-02-18T19:38:59","date_gmt":"2022-02-18T17:38:59","guid":{"rendered":"http:\/\/107.6.182.27\/tr\/?p=250166"},"modified":"2022-02-19T09:12:39","modified_gmt":"2022-02-19T07:12:39","slug":"engellilerin-bakimi-alaninda-suriye-rusya-isbirligi-gorusmeleri","status":"publish","type":"post","link":"https:\/\/archive.sana.sy\/tr\/?p=250166","title":{"rendered":"Engellilerin Bak\u0131m\u0131 Alan\u0131nda Suriye-Rusya \u0130\u015fbirli\u011fi G\u00f6r\u00fc\u015fmeleri"},"content":{"rendered":"<p style=\"text-align: justify;\">\u015eAM &#8211; Sosyal \u0130\u015fler ve \u00c7al\u0131\u015fma Bakanl\u0131\u011f\u0131 ile Rusya \u00c7al\u0131\u015fma ve Sosyal Koruma Bakanl\u0131\u011f\u0131 temsilcileri, bug\u00fcn video teknolojisi arac\u0131l\u0131\u011f\u0131yla yap\u0131lan bir toplant\u0131da, engellilerin bak\u0131m\u0131 alan\u0131nda i\u015fbirli\u011fi olanaklar\u0131 ve engellilere protez uzuvlar\u0131n imalat\u0131 i\u00e7in bir \u00e7al\u0131\u015ftay olu\u015fturulmas\u0131 konusunu g\u00f6r\u00fc\u015ft\u00fcler.<\/p>\n<p style=\"text-align: justify;\">Bakanl\u0131k Planlama ve Uluslararas\u0131 \u0130\u015fbirli\u011fi Direkt\u00f6r\u00fc Mahmud Al Kevva&#8217;n\u0131n SANA&#8217;ya yapt\u0131\u011f\u0131 a\u00e7\u0131klamada iki taraf, Suriye&#8217;deki sosyal bak\u0131m merkezlerini desteklemek ve bunlardan yararlanmak i\u00e7in ihtiya\u00e7 listesinin belirlenmesi i\u00e7in ortak koordinasyon konusunda, engellilerin bak\u0131m\u0131 alan\u0131ndaki Rus deneyimi ve e\u011fitim, kapasite geli\u015ftirme ve end\u00fcstriyel uzuvlar\u0131n \u00fcretimi i\u00e7in ortak bir proje olu\u015fturma olanaklar\u0131 alan\u0131nda i\u015fbirli\u011fi yapmak \u00fczere anla\u015ft\u0131lar.<\/p>\n<p style=\"text-align: justify;\">Rusya Federasyonu Sosyal \u0130\u015fler ve \u00c7al\u0131\u015fma Bakanl\u0131\u011f\u0131 ile \u00c7al\u0131\u015fma ve Sosyal Koruma Bakanl\u0131\u011f\u0131&#8217;n\u0131n Kas\u0131m 2021&#8217;de \u00e7al\u0131\u015fma, istihdam ve sosyal refah alanlar\u0131nda ortak i\u015fbirli\u011fini geli\u015ftirmek i\u00e7in bir mutabakat zapt\u0131 imzalam\u0131\u015ft\u0131.<\/p>\n<p style=\"text-align: justify;\">Ayr\u0131ca ge\u00e7ti\u011fimiz Kas\u0131m ay\u0131nda engellilerin bak\u0131m\u0131 alan\u0131nda i\u015fbirli\u011fi ve rehabilitasyon ve sosyal i\u00e7erme alan\u0131ndaki en iyi uygulamalar konusunda deneyim ve bilgi al\u0131\u015fveri\u015fi i\u00e7in bir yol haritas\u0131 da imzalad\u0131lar.<\/p>\n","protected":false},"excerpt":{"rendered":"<p>\u015eAM &#8211; Sosyal \u0130\u015fler ve \u00c7al\u0131\u015fma Bakanl\u0131\u011f\u0131 ile Rusya \u00c7al\u0131\u015fma ve Sosyal Koruma Bakanl\u0131\u011f\u0131 temsilcileri, bug\u00fcn video teknolojisi arac\u0131l\u0131\u011f\u0131yla yap\u0131lan bir toplant\u0131da, engellilerin bak\u0131m\u0131 alan\u0131nda i\u015fbirli\u011fi olanaklar\u0131 ve engellilere protez uzuvlar\u0131n imalat\u0131 i\u00e7in bir \u00e7al\u0131\u015ftay olu\u015fturulmas\u0131 konusunu g\u00f6r\u00fc\u015ft\u00fcler. Bakanl\u0131k Planlama ve Uluslararas\u0131 \u0130\u015fbirli\u011fi Direkt\u00f6r\u00fc Mahmud Al Kevva&#8217;n\u0131n SANA&#8217;ya yapt\u0131\u011f\u0131 a\u00e7\u0131klamada iki taraf, Suriye&#8217;deki sosyal bak\u0131m &hellip;<\/p>\n","protected":false},"author":1,"featured_media":250167,"comment_status":"closed","ping_status":"closed","sticky":false,"template":"","format":"standard","meta":{"footnotes":""},"categories":[458,459,17988],"tags":[],"class_list":["post-250166","post","type-post","status-publish","format-standard","has-post-thumbnail","","category-dunya1","category-haberler-arap-uluslararasi-politika","category-son-haberler"],"_links":{"self":[{"href":"https:\/\/archive.sana.sy\/tr\/index.php?rest_route=\/wp\/v2\/posts\/250166","targetHints":{"allow":["GET"]}}],"collection":[{"href":"https:\/\/archive.sana.sy\/tr\/index.php?rest_route=\/wp\/v2\/posts"}],"about":[{"href":"https:\/\/archive.sana.sy\/tr\/index.php?rest_route=\/wp\/v2\/types\/post"}],"author":[{"embeddable":true,"href":"https:\/\/archive.sana.sy\/tr\/index.php?rest_route=\/wp\/v2\/users\/1"}],"replies":[{"embeddable":true,"href":"https:\/\/archive.sana.sy\/tr\/index.php?rest_route=%2Fwp%2Fv2%2Fcomments&post=250166"}],"version-history":[{"count":0,"href":"https:\/\/archive.sana.sy\/tr\/index.php?rest_route=\/wp\/v2\/posts\/250166\/revisions"}],"wp:featuredmedia":[{"embeddable":true,"href":"https:\/\/archive.sana.sy\/tr\/index.php?rest_route=\/wp\/v2\/media\/250167"}],"wp:attachment":[{"href":"https:\/\/archive.sana.sy\/tr\/index.php?rest_route=%2Fwp%2Fv2%2Fmedia&parent=250166"}],"wp:term":[{"taxonomy":"category","embeddable":true,"href":"https:\/\/archive.sana.sy\/tr\/index.php?rest_route=%2Fwp%2Fv2%2Fcategories&post=250166"},{"taxonomy":"post_tag","embeddable":true,"href":"https:\/\/archive.sana.sy\/tr\/index.php?rest_route=%2Fwp%2Fv2%2Ftags&post=250166"}],"curies":[{"name":"wp","href":"https:\/\/api.w.org\/{rel}","templated":true}]}}