{"id":250175,"date":"2022-02-18T19:55:19","date_gmt":"2022-02-18T17:55:19","guid":{"rendered":"http:\/\/107.6.182.27\/tr\/?p=250175"},"modified":"2022-02-20T08:52:21","modified_gmt":"2022-02-20T06:52:21","slug":"harastada-teroristlerin-artiklarindan-bomba-duzenegi-patladi-1-cocuk-sehit-3-de-yarali","status":"publish","type":"post","link":"https:\/\/archive.sana.sy\/tr\/?p=250175","title":{"rendered":"Harasta&#8217;da Ter\u00f6ristlerin Art\u0131klar\u0131ndan Bomba D\u00fczene\u011fi Patlad\u0131 1 \u00c7ocuk \u015eehit, 3 De Yaral\u0131"},"content":{"rendered":"<p style=\"text-align: justify;\">\u015eAM KIRSALI &#8211; \u015eam k\u0131rsal\u0131 Harasta&#8217;da ter\u00f6r \u00f6rg\u00fctlerinin arkalar\u0131nda b\u0131rakt\u0131\u011f\u0131 bomba d\u00fczene\u011finin infilak etmesi sonucunda bir \u00e7ocuk \u015fehit d\u00fc\u015ft\u00fc, \u00fc\u00e7 ki\u015fi de yaraland\u0131.<\/p>\n<p style=\"text-align: justify;\">\u015eam K\u0131rsal\u0131 Polis Komutanl\u0131\u011f\u0131&#8217;ndan bir kaynak SANA&#8217;ya verdi\u011fi deme\u00e7te, baz\u0131 \u00e7ocuklar\u0131n Harasta mezarl\u0131\u011f\u0131n\u0131n duvar\u0131 yak\u0131n\u0131nda oynarken, ter\u00f6r \u00f6rg\u00fctlerinin b\u0131rakt\u0131\u011f\u0131 patlay\u0131c\u0131n\u0131n infilak ederek bir \u00e7ocu\u011fu \u015fehit etti\u011fini ve \u00fc\u00e7 \u00e7ocu\u011fu da yaralad\u0131\u011f\u0131n\u0131 s\u00f6yledi.<\/p>\n<p style=\"text-align: justify;\">Kaynak, yaral\u0131lar\u0131n yak\u0131ndaki \u0130bn-i el Nefis Hastanesine kald\u0131r\u0131ld\u0131\u011f\u0131n\u0131 ve yaralar\u0131n\u0131n orta ile ciddi aras\u0131nda de\u011fi\u015fti\u011fini a\u00e7\u0131klad\u0131.<\/p>\n","protected":false},"excerpt":{"rendered":"<p>\u015eAM KIRSALI &#8211; \u015eam k\u0131rsal\u0131 Harasta&#8217;da ter\u00f6r \u00f6rg\u00fctlerinin arkalar\u0131nda b\u0131rakt\u0131\u011f\u0131 bomba d\u00fczene\u011finin infilak etmesi sonucunda bir \u00e7ocuk \u015fehit d\u00fc\u015ft\u00fc, \u00fc\u00e7 ki\u015fi de yaraland\u0131. \u015eam K\u0131rsal\u0131 Polis Komutanl\u0131\u011f\u0131&#8217;ndan bir kaynak SANA&#8217;ya verdi\u011fi deme\u00e7te, baz\u0131 \u00e7ocuklar\u0131n Harasta mezarl\u0131\u011f\u0131n\u0131n duvar\u0131 yak\u0131n\u0131nda oynarken, ter\u00f6r \u00f6rg\u00fctlerinin b\u0131rakt\u0131\u011f\u0131 patlay\u0131c\u0131n\u0131n infilak ederek bir \u00e7ocu\u011fu \u015fehit etti\u011fini ve \u00fc\u00e7 \u00e7ocu\u011fu da yaralad\u0131\u011f\u0131n\u0131 s\u00f6yledi. &hellip;<\/p>\n","protected":false},"author":1,"featured_media":250176,"comment_status":"closed","ping_status":"closed","sticky":false,"template":"","format":"standard","meta":{"footnotes":""},"categories":[479,575,17988,478],"tags":[],"class_list":["post-250175","post","type-post","status-publish","format-standard","has-post-thumbnail","","category-haberler-yerel","category-olaylar-ve-gercekler","category-son-haberler","category-yerel"],"_links":{"self":[{"href":"https:\/\/archive.sana.sy\/tr\/index.php?rest_route=\/wp\/v2\/posts\/250175","targetHints":{"allow":["GET"]}}],"collection":[{"href":"https:\/\/archive.sana.sy\/tr\/index.php?rest_route=\/wp\/v2\/posts"}],"about":[{"href":"https:\/\/archive.sana.sy\/tr\/index.php?rest_route=\/wp\/v2\/types\/post"}],"author":[{"embeddable":true,"href":"https:\/\/archive.sana.sy\/tr\/index.php?rest_route=\/wp\/v2\/users\/1"}],"replies":[{"embeddable":true,"href":"https:\/\/archive.sana.sy\/tr\/index.php?rest_route=%2Fwp%2Fv2%2Fcomments&post=250175"}],"version-history":[{"count":0,"href":"https:\/\/archive.sana.sy\/tr\/index.php?rest_route=\/wp\/v2\/posts\/250175\/revisions"}],"wp:featuredmedia":[{"embeddable":true,"href":"https:\/\/archive.sana.sy\/tr\/index.php?rest_route=\/wp\/v2\/media\/250176"}],"wp:attachment":[{"href":"https:\/\/archive.sana.sy\/tr\/index.php?rest_route=%2Fwp%2Fv2%2Fmedia&parent=250175"}],"wp:term":[{"taxonomy":"category","embeddable":true,"href":"https:\/\/archive.sana.sy\/tr\/index.php?rest_route=%2Fwp%2Fv2%2Fcategories&post=250175"},{"taxonomy":"post_tag","embeddable":true,"href":"https:\/\/archive.sana.sy\/tr\/index.php?rest_route=%2Fwp%2Fv2%2Ftags&post=250175"}],"curies":[{"name":"wp","href":"https:\/\/api.w.org\/{rel}","templated":true}]}}