{"id":250181,"date":"2022-02-18T19:39:46","date_gmt":"2022-02-18T17:39:46","guid":{"rendered":"http:\/\/107.6.182.27\/tr\/?p=250181"},"modified":"2022-02-19T09:13:04","modified_gmt":"2022-02-19T07:13:04","slug":"ittihad-ve-harcelle-cumhuriyet-kupasinda-ceyrek-finale-yukseldi","status":"publish","type":"post","link":"https:\/\/archive.sana.sy\/tr\/?p=250181","title":{"rendered":"\u0130ttihad ve Harcelle, Cumhuriyet Kupas\u0131&#8217;nda \u00c7eyrek Finale Y\u00fckseldi"},"content":{"rendered":"<p style=\"text-align: justify;\">HALEP \u2013 HOMS &#8211; Futbolda, Cumhuriyet Kupas\u0131 turnuvas\u0131nda son 16 tak\u0131m\u0131n oynad\u0131\u011f\u0131 ma\u00e7larda Afrin ve Nevair&#8217;i ma\u011flup eden \u0130ttihad ve Harcelle ekipleri, Cumhuriyet Kupas\u0131&#8217;nda bug\u00fcn \u00e7eyrek finale y\u00fckseldi.<\/p>\n<p style=\"text-align: justify;\">Halep&#8217;teki Al Hamdaniya Stad\u0131&#8217;nda oynanan ma\u00e7ta \u0130ttihad, Afrin&#8217;i 37. dakikada Ali Halil&#8217;in att\u0131\u011f\u0131 golle ma\u011flup ederek \u00e7eyrek finalde yerini al\u0131rken \u00e7eyrek finalde H\u00fcrriyet &#8211; Morik ma\u00e7\u0131 galibiyle oynayacak.<\/p>\n<p style=\"text-align: justify;\">Nevair Kap\u0131s\u0131&#8217;ndan ise Harcelle tak\u0131m\u0131, Homs El\u00a0 Basil Stadyumu&#8217;ndaki oynad\u0131klar\u0131 ve normal s\u00fcresi 2-2 berabere biten ma\u00e7ta penalt\u0131larla 6-5 ile Harcelle tak\u0131m\u0131 galip gelerek \u00e7eyrek finale y\u00fckselen tak\u0131m oldu.<\/p>\n<p style=\"text-align: justify;\">Bir sonraki turda Harcelle, son 16 turunda Ordu ve El \u015eurta ma\u00e7\u0131n\u0131n galibiyle kar\u015f\u0131la\u015facak.<\/p>\n","protected":false},"excerpt":{"rendered":"<p>HALEP \u2013 HOMS &#8211; Futbolda, Cumhuriyet Kupas\u0131 turnuvas\u0131nda son 16 tak\u0131m\u0131n oynad\u0131\u011f\u0131 ma\u00e7larda Afrin ve Nevair&#8217;i ma\u011flup eden \u0130ttihad ve Harcelle ekipleri, Cumhuriyet Kupas\u0131&#8217;nda bug\u00fcn \u00e7eyrek finale y\u00fckseldi. Halep&#8217;teki Al Hamdaniya Stad\u0131&#8217;nda oynanan ma\u00e7ta \u0130ttihad, Afrin&#8217;i 37. dakikada Ali Halil&#8217;in att\u0131\u011f\u0131 golle ma\u011flup ederek \u00e7eyrek finalde yerini al\u0131rken \u00e7eyrek finalde H\u00fcrriyet &#8211; Morik ma\u00e7\u0131 galibiyle &hellip;<\/p>\n","protected":false},"author":1,"featured_media":250183,"comment_status":"closed","ping_status":"closed","sticky":false,"template":"","format":"standard","meta":{"footnotes":""},"categories":[479,17988,496,478,497],"tags":[],"class_list":["post-250181","post","type-post","status-publish","format-standard","has-post-thumbnail","","category-haberler-yerel","category-son-haberler","category-spor","category-yerel","category-yerel-turnuvalar"],"_links":{"self":[{"href":"https:\/\/archive.sana.sy\/tr\/index.php?rest_route=\/wp\/v2\/posts\/250181","targetHints":{"allow":["GET"]}}],"collection":[{"href":"https:\/\/archive.sana.sy\/tr\/index.php?rest_route=\/wp\/v2\/posts"}],"about":[{"href":"https:\/\/archive.sana.sy\/tr\/index.php?rest_route=\/wp\/v2\/types\/post"}],"author":[{"embeddable":true,"href":"https:\/\/archive.sana.sy\/tr\/index.php?rest_route=\/wp\/v2\/users\/1"}],"replies":[{"embeddable":true,"href":"https:\/\/archive.sana.sy\/tr\/index.php?rest_route=%2Fwp%2Fv2%2Fcomments&post=250181"}],"version-history":[{"count":0,"href":"https:\/\/archive.sana.sy\/tr\/index.php?rest_route=\/wp\/v2\/posts\/250181\/revisions"}],"wp:featuredmedia":[{"embeddable":true,"href":"https:\/\/archive.sana.sy\/tr\/index.php?rest_route=\/wp\/v2\/media\/250183"}],"wp:attachment":[{"href":"https:\/\/archive.sana.sy\/tr\/index.php?rest_route=%2Fwp%2Fv2%2Fmedia&parent=250181"}],"wp:term":[{"taxonomy":"category","embeddable":true,"href":"https:\/\/archive.sana.sy\/tr\/index.php?rest_route=%2Fwp%2Fv2%2Fcategories&post=250181"},{"taxonomy":"post_tag","embeddable":true,"href":"https:\/\/archive.sana.sy\/tr\/index.php?rest_route=%2Fwp%2Fv2%2Ftags&post=250181"}],"curies":[{"name":"wp","href":"https:\/\/api.w.org\/{rel}","templated":true}]}}