{"id":250207,"date":"2022-02-19T12:11:03","date_gmt":"2022-02-19T10:11:03","guid":{"rendered":"http:\/\/107.6.182.27\/tr\/?p=250207"},"modified":"2022-02-20T08:52:44","modified_gmt":"2022-02-20T06:52:44","slug":"dera-sam-karayoluna-bir-bomba-duzenegi-yerlestiren-bir-terorist-olduruldu","status":"publish","type":"post","link":"https:\/\/archive.sana.sy\/tr\/?p=250207","title":{"rendered":"Dera-\u015eam Karayoluna Bir Bomba D\u00fczene\u011fi Yerle\u015ftiren Bir Ter\u00f6rist \u00d6ld\u00fcr\u00fcld\u00fc"},"content":{"rendered":"<p>DERA \u2013 Bug\u00fcn \u015fafak vakti Dera-\u015eam karayoluna bomba yerle\u015ftirmeye \u00e7al\u0131\u015f\u0131rken meydana gelen patlamada bir ter\u00f6rist \u00f6ld\u00fc.<\/p>\n<p>Yetkili makamlardan bir kaynak SANA muhabirine yapt\u0131\u011f\u0131 a\u00e7\u0131klamada, &#8220;Bir ter\u00f6rist, Dera-\u015eam karayolu \u00fczerindeki Umm El Mayazen beldesinin k\u00f6pr\u00fcs\u00fcn\u00fcn yak\u0131n\u0131na yerle\u015ftirirken bir bomba d\u00fczene\u011fi patlad\u0131 ve onu an\u0131nda \u00f6ld\u00fcrd\u00fc&#8221; dedi<\/p>\n<p>Dera Ulusal Hastanesi&#8217;nden bir kaynak, hastanenin &#8220;bomba d\u00fczene\u011finin patlamas\u0131 sonucu par\u00e7alara ayr\u0131lm\u0131\u015f bir ki\u015finin cesedini ald\u0131\u011f\u0131n\u0131&#8221; belirtti.<\/p>\n","protected":false},"excerpt":{"rendered":"<p>DERA \u2013 Bug\u00fcn \u015fafak vakti Dera-\u015eam karayoluna bomba yerle\u015ftirmeye \u00e7al\u0131\u015f\u0131rken meydana gelen patlamada bir ter\u00f6rist \u00f6ld\u00fc. Yetkili makamlardan bir kaynak SANA muhabirine yapt\u0131\u011f\u0131 a\u00e7\u0131klamada, &#8220;Bir ter\u00f6rist, Dera-\u015eam karayolu \u00fczerindeki Umm El Mayazen beldesinin k\u00f6pr\u00fcs\u00fcn\u00fcn yak\u0131n\u0131na yerle\u015ftirirken bir bomba d\u00fczene\u011fi patlad\u0131 ve onu an\u0131nda \u00f6ld\u00fcrd\u00fc&#8221; dedi Dera Ulusal Hastanesi&#8217;nden bir kaynak, hastanenin &#8220;bomba d\u00fczene\u011finin patlamas\u0131 sonucu &hellip;<\/p>\n","protected":false},"author":36,"featured_media":250208,"comment_status":"closed","ping_status":"closed","sticky":false,"template":"","format":"standard","meta":{"footnotes":""},"categories":[479,575,17988,478],"tags":[],"class_list":["post-250207","post","type-post","status-publish","format-standard","has-post-thumbnail","","category-haberler-yerel","category-olaylar-ve-gercekler","category-son-haberler","category-yerel"],"_links":{"self":[{"href":"https:\/\/archive.sana.sy\/tr\/index.php?rest_route=\/wp\/v2\/posts\/250207","targetHints":{"allow":["GET"]}}],"collection":[{"href":"https:\/\/archive.sana.sy\/tr\/index.php?rest_route=\/wp\/v2\/posts"}],"about":[{"href":"https:\/\/archive.sana.sy\/tr\/index.php?rest_route=\/wp\/v2\/types\/post"}],"author":[{"embeddable":true,"href":"https:\/\/archive.sana.sy\/tr\/index.php?rest_route=\/wp\/v2\/users\/36"}],"replies":[{"embeddable":true,"href":"https:\/\/archive.sana.sy\/tr\/index.php?rest_route=%2Fwp%2Fv2%2Fcomments&post=250207"}],"version-history":[{"count":0,"href":"https:\/\/archive.sana.sy\/tr\/index.php?rest_route=\/wp\/v2\/posts\/250207\/revisions"}],"wp:featuredmedia":[{"embeddable":true,"href":"https:\/\/archive.sana.sy\/tr\/index.php?rest_route=\/wp\/v2\/media\/250208"}],"wp:attachment":[{"href":"https:\/\/archive.sana.sy\/tr\/index.php?rest_route=%2Fwp%2Fv2%2Fmedia&parent=250207"}],"wp:term":[{"taxonomy":"category","embeddable":true,"href":"https:\/\/archive.sana.sy\/tr\/index.php?rest_route=%2Fwp%2Fv2%2Fcategories&post=250207"},{"taxonomy":"post_tag","embeddable":true,"href":"https:\/\/archive.sana.sy\/tr\/index.php?rest_route=%2Fwp%2Fv2%2Ftags&post=250207"}],"curies":[{"name":"wp","href":"https:\/\/api.w.org\/{rel}","templated":true}]}}