{"id":25021,"date":"2015-02-27T21:02:29","date_gmt":"2015-02-27T19:02:29","guid":{"rendered":"http:\/\/www.sana.sy\/tr\/?p=25021"},"modified":"2015-02-28T14:39:41","modified_gmt":"2015-02-28T12:39:41","slug":"azili-elebaslari-ve-araclari-etkisiz-hale-getiriliyor-2","status":"publish","type":"post","link":"https:\/\/archive.sana.sy\/tr\/?p=25021","title":{"rendered":"Az\u0131l\u0131 Eleba\u015flar\u0131 ve Ara\u00e7lar\u0131 Etkisiz Hale Getiriliyor"},"content":{"rendered":"<p>\u0130LLER \u2013 Yurdun muhtelif b\u00f6lgelerinde ter\u00f6r yuvalar\u0131 ve k\u00fcmelenme yerlerini nitelikli operasyonlarla hedef alan vatan koruyucular\u0131m\u0131z bug\u00fcn tekfirci ve hain \u00e7eteleri yeni b\u00fcy\u00fck kay\u0131plara u\u011fratt\u0131.<\/p>\n<p><span style=\"color: #0000ff\">\u015eam K\u0131rsal\u0131nda \u00c7ok Say\u0131da Ter\u00f6rist \u00d6l\u00fc ve Yaral\u0131 D\u00fc\u015f\u00fcr\u00fcld\u00fc<\/span><\/p>\n<p>Askeri kaynak; ordu birliklerimizin \u015eam k\u0131rsal\u0131n\u0131n g\u00fcneydo\u011fusu Hasno K\u00f6y\u00fcnde \u00e7ok say\u0131da ter\u00f6risti \u00f6l\u00fc ve yaral\u0131 d\u00fc\u015f\u00fcr\u00fcp silah ve m\u00fchimmatlar\u0131n\u0131 da imha ettiklerini ifade etti.<\/p>\n<p><span style=\"color: #0000ff\">\u0130dlib K\u0131rsal\u0131nda Ter\u00f6ristlere Ait Yuva ve K\u00fcmelenme Yerleri Hedef Al\u0131nd\u0131<\/span><\/p>\n<p>Askeri kaynak ordu birliklerimizin \u0130dlib k\u0131rsal\u0131 Cebel el Ekrad B\u00f6lgesine ilaveten Cisr el \u015eu\u011fur B\u00f6lgesine tabi \u015eu\u011fr, Ayn el Baride ve el Katron b\u00f6lgelerinde ter\u00f6ristlerin yuva ve k\u00fcmelenme yerlerini hedef ald\u0131klar\u0131n\u0131 s\u00f6yledi.<\/p>\n<p>Kaynak; ordu birliklerimizin operasyonlar\u0131nda \u00e7ok say\u0131da ter\u00f6risti \u00f6l\u00fc ve yaral\u0131 d\u00fc\u015f\u00fcr\u00fcp silah ve m\u00fchimmatlar\u0131n\u0131 da imha ettiklerini belirtti.<\/p>\n<p>Ordu birliklerimiz \u0130dlib k\u0131rsal\u0131 Muarret M\u0131srin, Tel Selmo ve Um Crin b\u00f6lgelerinde \u00e7ok say\u0131da ter\u00f6risti \u00f6l\u00fc ve yaral\u0131 d\u00fc\u015f\u00fcrd\u00fc.<\/p>\n<p><span style=\"color: #0000ff\">Dera ve K\u0131rsal\u0131nda Nusra Cephesine Ait Cephane ve Silahlar \u0130mha Edildi<\/span><\/p>\n<p>\u00d6te yandan ordu birliklerimizin Dera k\u0131rsal\u0131 Tel Anter B\u00f6lgesinin el Zerkan tavuk \u00e7iftliklerinde ter\u00f6ristlerin toplanma yerleri ve mevkilerini hedef ald\u0131klar\u0131n\u0131 aktaran askeri kaynak; onlarca ter\u00f6risti \u00f6l\u00fc ve yaral\u0131 d\u00fc\u015f\u00fcrd\u00fcklerini s\u00f6zlerini ekledi.<\/p>\n<p>Askeri kaynak ordu birliklerimizin Dera Beled\u2019in Bilal el Habe\u015fi Camiinin civar\u0131nda ter\u00f6ristlere ait bir yuvay\u0131 muhtevalar\u0131yla imha ettiklerini, Muhayyam Semtinde havan topu ve a\u011f\u0131r makineli silahlar\u0131n\u0131n da beraberlerindeki ter\u00f6ristlerle birlikte imha ettiklerine dikkat \u00e7ekti.<\/p>\n<p>Ter\u00f6r \u00e7eteleri medya ara\u00e7lar\u0131nda Nusra Cephesinin g\u00fcney b\u00f6lgesinde s\u00f6zde genel askeri komutan\u0131 \u00dcrd\u00fcn uyruklu \u2018Ebu \u00d6mer el Muhtar\u2019 ve s\u00f6zde \u015feriat yarg\u0131c\u0131 \u2018Ebu el Cerrah el C\u00fcrzy\u2019nin aralar\u0131nda bulundu\u011fu \u00e7ok say\u0131da ter\u00f6ristin \u00f6ld\u00fc\u011f\u00fcn\u00fc itiraf etti.<\/p>\n<p><span style=\"color: #0000ff\">Tedmur K\u0131rsal\u0131nda Ordu Birliklerimiz Bir Ter\u00f6r Grubuna Kar\u015f\u0131 Koydu<\/span><\/p>\n<p>Askeri kaynak; I\u015e\u0130D \u00e7etelerin bug\u00fcn Tedmur\u2019un 55 km kuzeydo\u011fusuna d\u00fc\u015fen \u2018Ark\u2019 Gaz \u0130stasyonuna sald\u0131r\u0131 giri\u015fiminde bulunduklar\u0131n\u0131 aktard\u0131.<\/p>\n<p>Kaynak; ordu birliklerimizin \u0130stasyondaki i\u015f\u00e7iler ile i\u015fbirli\u011fi i\u00e7inde ter\u00f6ristlere kar\u015f\u0131 koyarak 10 ter\u00f6risti \u00f6l\u00fc ve 15 ter\u00f6risti de yaral\u0131 d\u00fc\u015ft\u00fcklerini ifade etti.<\/p>\n<p>M.M. &#8211; A. A.<\/p>\n","protected":false},"excerpt":{"rendered":"<p>\u0130LLER \u2013 Yurdun muhtelif b\u00f6lgelerinde ter\u00f6r yuvalar\u0131 ve k\u00fcmelenme yerlerini nitelikli operasyonlarla hedef alan vatan koruyucular\u0131m\u0131z bug\u00fcn tekfirci ve hain \u00e7eteleri yeni b\u00fcy\u00fck kay\u0131plara u\u011fratt\u0131. \u015eam K\u0131rsal\u0131nda \u00c7ok Say\u0131da Ter\u00f6rist \u00d6l\u00fc ve Yaral\u0131 D\u00fc\u015f\u00fcr\u00fcld\u00fc Askeri kaynak; ordu birliklerimizin \u015eam k\u0131rsal\u0131n\u0131n g\u00fcneydo\u011fusu Hasno K\u00f6y\u00fcnde \u00e7ok say\u0131da ter\u00f6risti \u00f6l\u00fc ve yaral\u0131 d\u00fc\u015f\u00fcr\u00fcp silah ve m\u00fchimmatlar\u0131n\u0131 da imha &hellip;<\/p>\n","protected":false},"author":1,"featured_media":25022,"comment_status":"closed","ping_status":"closed","sticky":false,"template":"","format":"standard","meta":{"footnotes":""},"categories":[575],"tags":[11917,11918],"class_list":["post-25021","post","type-post","status-publish","format-standard","has-post-thumbnail","","category-olaylar-ve-gercekler","tag-azili-elebaslari-ve-araclari-etkisiz-hale-getiriliyor","tag-iller-yurdun-muhtelif-bolgelerinde-teror-yuvalari-ve-kumelenme-yerlerini-nitelikli-operasyonlarla-hedef-alan-vatan-koruyucularimiz-bugun-tekfirci-ve-hain-ceteleri-yeni-buyuk-kayiplara-ugratt"],"_links":{"self":[{"href":"https:\/\/archive.sana.sy\/tr\/index.php?rest_route=\/wp\/v2\/posts\/25021","targetHints":{"allow":["GET"]}}],"collection":[{"href":"https:\/\/archive.sana.sy\/tr\/index.php?rest_route=\/wp\/v2\/posts"}],"about":[{"href":"https:\/\/archive.sana.sy\/tr\/index.php?rest_route=\/wp\/v2\/types\/post"}],"author":[{"embeddable":true,"href":"https:\/\/archive.sana.sy\/tr\/index.php?rest_route=\/wp\/v2\/users\/1"}],"replies":[{"embeddable":true,"href":"https:\/\/archive.sana.sy\/tr\/index.php?rest_route=%2Fwp%2Fv2%2Fcomments&post=25021"}],"version-history":[{"count":0,"href":"https:\/\/archive.sana.sy\/tr\/index.php?rest_route=\/wp\/v2\/posts\/25021\/revisions"}],"wp:featuredmedia":[{"embeddable":true,"href":"https:\/\/archive.sana.sy\/tr\/index.php?rest_route=\/wp\/v2\/media\/25022"}],"wp:attachment":[{"href":"https:\/\/archive.sana.sy\/tr\/index.php?rest_route=%2Fwp%2Fv2%2Fmedia&parent=25021"}],"wp:term":[{"taxonomy":"category","embeddable":true,"href":"https:\/\/archive.sana.sy\/tr\/index.php?rest_route=%2Fwp%2Fv2%2Fcategories&post=25021"},{"taxonomy":"post_tag","embeddable":true,"href":"https:\/\/archive.sana.sy\/tr\/index.php?rest_route=%2Fwp%2Fv2%2Ftags&post=25021"}],"curies":[{"name":"wp","href":"https:\/\/api.w.org\/{rel}","templated":true}]}}