{"id":250213,"date":"2022-02-19T18:50:21","date_gmt":"2022-02-19T16:50:21","guid":{"rendered":"http:\/\/107.6.182.27\/tr\/?p=250213"},"modified":"2022-02-20T11:24:48","modified_gmt":"2022-02-20T09:24:48","slug":"ordu-noktasi-destegiyle-tel-deheb-koyluleri-amerikan-isgal-konvoyunu-kovdu","status":"publish","type":"post","link":"https:\/\/archive.sana.sy\/tr\/?p=250213","title":{"rendered":"Ordu Noktas\u0131 Deste\u011fiyle Tel Deheb K\u00f6yl\u00fcleri Amerikan \u0130\u015fgal Konvoyunu Kovdu"},"content":{"rendered":"<p style=\"text-align: justify;\">HASEKE \u2013 Haseke kuzey k\u0131rsal\u0131ndaki Tel Deheb K\u00f6y ahalisi Suriye Arap Ordusunun kontrol noktas\u0131n\u0131n da deste\u011fiyle k\u00f6y \u00fczerinden ge\u00e7meye \u00e7al\u0131\u015ft\u0131\u011f\u0131 esnada Amerikan i\u015fgaline ait bir askeri konvoyu b\u00f6lgeden kovdu.<\/p>\n<p style=\"text-align: justify;\">K\u00f6yden yerel kaynaklar SANA muhabirine a\u00e7\u0131klamalar\u0131nda, Amerikan i\u015fgaline ait 4 z\u0131rhl\u0131 ara\u00e7tan olu\u015fan bir konvoyu DSG milislerine ait bir ara\u00e7 refakatinde k\u00f6yden ge\u00e7meye \u00e7al\u0131\u015ft\u0131\u011f\u0131n\u0131 ancak, ordu kontrol noktas\u0131n\u0131n yan\u0131nda toplanan k\u00f6yl\u00fclerin konvoya kar\u015f\u0131 koyduklar\u0131n\u0131 ve ona do\u011fru y\u00fcr\u00fcyerek b\u00f6lgeden kovduklar\u0131n\u0131 s\u00f6yledi.<\/p>\n","protected":false},"excerpt":{"rendered":"<p>HASEKE \u2013 Haseke kuzey k\u0131rsal\u0131ndaki Tel Deheb K\u00f6y ahalisi Suriye Arap Ordusunun kontrol noktas\u0131n\u0131n da deste\u011fiyle k\u00f6y \u00fczerinden ge\u00e7meye \u00e7al\u0131\u015ft\u0131\u011f\u0131 esnada Amerikan i\u015fgaline ait bir askeri konvoyu b\u00f6lgeden kovdu. K\u00f6yden yerel kaynaklar SANA muhabirine a\u00e7\u0131klamalar\u0131nda, Amerikan i\u015fgaline ait 4 z\u0131rhl\u0131 ara\u00e7tan olu\u015fan bir konvoyu DSG milislerine ait bir ara\u00e7 refakatinde k\u00f6yden ge\u00e7meye \u00e7al\u0131\u015ft\u0131\u011f\u0131n\u0131 ancak, ordu &hellip;<\/p>\n","protected":false},"author":1,"featured_media":250214,"comment_status":"closed","ping_status":"closed","sticky":false,"template":"","format":"standard","meta":{"footnotes":""},"categories":[479,17988,478],"tags":[],"class_list":["post-250213","post","type-post","status-publish","format-standard","has-post-thumbnail","","category-haberler-yerel","category-son-haberler","category-yerel"],"_links":{"self":[{"href":"https:\/\/archive.sana.sy\/tr\/index.php?rest_route=\/wp\/v2\/posts\/250213","targetHints":{"allow":["GET"]}}],"collection":[{"href":"https:\/\/archive.sana.sy\/tr\/index.php?rest_route=\/wp\/v2\/posts"}],"about":[{"href":"https:\/\/archive.sana.sy\/tr\/index.php?rest_route=\/wp\/v2\/types\/post"}],"author":[{"embeddable":true,"href":"https:\/\/archive.sana.sy\/tr\/index.php?rest_route=\/wp\/v2\/users\/1"}],"replies":[{"embeddable":true,"href":"https:\/\/archive.sana.sy\/tr\/index.php?rest_route=%2Fwp%2Fv2%2Fcomments&post=250213"}],"version-history":[{"count":0,"href":"https:\/\/archive.sana.sy\/tr\/index.php?rest_route=\/wp\/v2\/posts\/250213\/revisions"}],"wp:featuredmedia":[{"embeddable":true,"href":"https:\/\/archive.sana.sy\/tr\/index.php?rest_route=\/wp\/v2\/media\/250214"}],"wp:attachment":[{"href":"https:\/\/archive.sana.sy\/tr\/index.php?rest_route=%2Fwp%2Fv2%2Fmedia&parent=250213"}],"wp:term":[{"taxonomy":"category","embeddable":true,"href":"https:\/\/archive.sana.sy\/tr\/index.php?rest_route=%2Fwp%2Fv2%2Fcategories&post=250213"},{"taxonomy":"post_tag","embeddable":true,"href":"https:\/\/archive.sana.sy\/tr\/index.php?rest_route=%2Fwp%2Fv2%2Ftags&post=250213"}],"curies":[{"name":"wp","href":"https:\/\/api.w.org\/{rel}","templated":true}]}}