{"id":250216,"date":"2022-02-19T19:05:22","date_gmt":"2022-02-19T17:05:22","guid":{"rendered":"http:\/\/107.6.182.27\/tr\/?p=250216"},"modified":"2022-02-20T08:53:21","modified_gmt":"2022-02-20T06:53:21","slug":"hama-ve-suveyda-kirsallarinda-gonullu-hizmet-gunu-ve-agaclandirma-kampanyasi","status":"publish","type":"post","link":"https:\/\/archive.sana.sy\/tr\/?p=250216","title":{"rendered":"Hama ve S\u00fcveyda K\u0131rsallar\u0131nda G\u00f6n\u00fcll\u00fc Hizmet G\u00fcn\u00fc Ve A\u011fa\u00e7land\u0131rma Kampanyas\u0131"},"content":{"rendered":"<p style=\"text-align: justify;\">HAMA \u2013 S\u00dcVEYDA &#8211; Yerel Meclisler G\u00fcn\u00fc etkinlikleri kapsam\u0131nda sivil ve h\u00fck\u00fcmet faaliyetleri, Hama&#8217;n\u0131n Mahardah kenti bat\u0131 k\u0131rsal\u0131nda, poliklinik binas\u0131na giden yolun asfaltlanmas\u0131, temizlenmesi ve boyanmas\u0131 ile yol kenarlar\u0131 ve yol adalar\u0131na orman bitkileri dikme\u011fi i\u00e7eren g\u00f6n\u00fcll\u00fc hizmet g\u00fcn\u00fc d\u00fczenledi.<\/p>\n<p style=\"text-align: justify;\">Benzer bir ba\u011flamda, bug\u00fcn S\u00fcveyda k\u0131rsal\u0131ndaki El C\u00fcneyna Belde Meclisi, ildeki Suriye Arap K\u0131z\u0131lay\u0131 i\u015fbirli\u011fiyle i\u00e7inde sivil faaliyetlerinin ve okul \u00f6\u011frencilerinin kat\u0131l\u0131m\u0131yla yerel meclisler g\u00fcn\u00fc m\u00fcnasebetiyle bir a\u011fa\u00e7land\u0131rma kampanyas\u0131 ve g\u00f6n\u00fcll\u00fc temizlik g\u00fcn\u00fc d\u00fczenledi.<\/p>\n","protected":false},"excerpt":{"rendered":"<p>HAMA \u2013 S\u00dcVEYDA &#8211; Yerel Meclisler G\u00fcn\u00fc etkinlikleri kapsam\u0131nda sivil ve h\u00fck\u00fcmet faaliyetleri, Hama&#8217;n\u0131n Mahardah kenti bat\u0131 k\u0131rsal\u0131nda, poliklinik binas\u0131na giden yolun asfaltlanmas\u0131, temizlenmesi ve boyanmas\u0131 ile yol kenarlar\u0131 ve yol adalar\u0131na orman bitkileri dikme\u011fi i\u00e7eren g\u00f6n\u00fcll\u00fc hizmet g\u00fcn\u00fc d\u00fczenledi. Benzer bir ba\u011flamda, bug\u00fcn S\u00fcveyda k\u0131rsal\u0131ndaki El C\u00fcneyna Belde Meclisi, ildeki Suriye Arap K\u0131z\u0131lay\u0131 i\u015fbirli\u011fiyle &hellip;<\/p>\n","protected":false},"author":1,"featured_media":250217,"comment_status":"closed","ping_status":"closed","sticky":false,"template":"","format":"standard","meta":{"footnotes":""},"categories":[526,479,17988,525,478],"tags":[],"class_list":["post-250216","post","type-post","status-publish","format-standard","has-post-thumbnail","","category-haber-ve-raporlar","category-haberler-yerel","category-son-haberler","category-toplum","category-yerel"],"_links":{"self":[{"href":"https:\/\/archive.sana.sy\/tr\/index.php?rest_route=\/wp\/v2\/posts\/250216","targetHints":{"allow":["GET"]}}],"collection":[{"href":"https:\/\/archive.sana.sy\/tr\/index.php?rest_route=\/wp\/v2\/posts"}],"about":[{"href":"https:\/\/archive.sana.sy\/tr\/index.php?rest_route=\/wp\/v2\/types\/post"}],"author":[{"embeddable":true,"href":"https:\/\/archive.sana.sy\/tr\/index.php?rest_route=\/wp\/v2\/users\/1"}],"replies":[{"embeddable":true,"href":"https:\/\/archive.sana.sy\/tr\/index.php?rest_route=%2Fwp%2Fv2%2Fcomments&post=250216"}],"version-history":[{"count":0,"href":"https:\/\/archive.sana.sy\/tr\/index.php?rest_route=\/wp\/v2\/posts\/250216\/revisions"}],"wp:featuredmedia":[{"embeddable":true,"href":"https:\/\/archive.sana.sy\/tr\/index.php?rest_route=\/wp\/v2\/media\/250217"}],"wp:attachment":[{"href":"https:\/\/archive.sana.sy\/tr\/index.php?rest_route=%2Fwp%2Fv2%2Fmedia&parent=250216"}],"wp:term":[{"taxonomy":"category","embeddable":true,"href":"https:\/\/archive.sana.sy\/tr\/index.php?rest_route=%2Fwp%2Fv2%2Fcategories&post=250216"},{"taxonomy":"post_tag","embeddable":true,"href":"https:\/\/archive.sana.sy\/tr\/index.php?rest_route=%2Fwp%2Fv2%2Ftags&post=250216"}],"curies":[{"name":"wp","href":"https:\/\/api.w.org\/{rel}","templated":true}]}}