{"id":250222,"date":"2022-02-19T19:33:42","date_gmt":"2022-02-19T17:33:42","guid":{"rendered":"http:\/\/107.6.182.27\/tr\/?p=250222"},"modified":"2022-02-22T08:20:49","modified_gmt":"2022-02-22T06:20:49","slug":"teroristlerin-artan-tehlikeleriyle-foreign-policy-washingtonu-yeni-bir-politika-izlemeye-cagiriyor","status":"publish","type":"post","link":"https:\/\/archive.sana.sy\/tr\/?p=250222","title":{"rendered":"Ter\u00f6ristlerin Artan Tehlikeleriyle, Foreign Policy Washington&#8217;u Yeni Bir Politika \u0130zlemeye \u00c7a\u011f\u0131r\u0131yor"},"content":{"rendered":"<p style=\"text-align: justify;\">WASH\u0130NGTON &#8211; Amerika Birle\u015fik Devletleri liderli\u011findeki Bat\u0131l\u0131 \u00fclkeler, Suriye&#8217;nin kuzeyinde yay\u0131lan ter\u00f6r \u00f6rg\u00fctlerinin T\u00fcrk sponsorlu\u011funda (\u0131l\u0131ml\u0131 muhalefet) ad\u0131 alt\u0131nda devam eden su\u00e7lar\u0131n\u0131 desteklemekten ve haber yapmaktan vazge\u00e7meleri i\u00e7in defalarca yap\u0131lan \u00e7a\u011fr\u0131lar\u0131 g\u00f6rmezden gelmeye devam ederken, Amerikan (Foreign Policy) dergisinde gazeteci Anshal Fuhra, Washington&#8217;u \u0130dlib&#8217;de toplanmalar\u0131ndan kaynaklanan artan tehlikeler ve k\u00fcresel ter\u00f6r\u00fcn ba\u015fkentine d\u00f6n\u00fc\u015fmesi nedeniyle ter\u00f6ristlerin konumuna ili\u015fkin yeni bir politika benimsemeye \u00e7a\u011f\u0131rd\u0131.<\/p>\n<p style=\"text-align: justify;\">Ortado\u011fu konusunda uzman olan Fuhra, (\u0130dlib.. K\u00fcresel Ter\u00f6r\u00fcn Yeni Ba\u015fkenti) ba\u015fl\u0131kl\u0131 analitik makalesinde, \u0130dlib&#8217;in Bat\u0131 politikalar\u0131 sayesinde k\u00fcresel ter\u00f6rizmin yeni ba\u015fkenti haline geldi\u011fine, ter\u00f6r listesinde yer alan \u00f6rg\u00fctlerin buray\u0131 g\u00fcvenli bir s\u0131\u011f\u0131nak ve tercih ettikleri saklanma se\u00e7ene\u011fi olarak g\u00f6rd\u00fcklerine dikkat \u00e7ekti.<\/p>\n<p style=\"text-align: justify;\">Gazeteci, k\u0131sa s\u00fcre \u00f6nce \u00f6ld\u00fcr\u00fclen (I\u015e\u0130D) ter\u00f6r \u00f6rg\u00fct\u00fcn\u00fcn lideri Ebu \u0130brahim el Kurey\u015fi&#8217;nin El Kaide ba\u011flant\u0131l\u0131 El Nusra Cephesi&#8217;nin bir kontrol noktas\u0131 yak\u0131n\u0131nda ve T\u00fcrkiye s\u0131n\u0131r\u0131 yak\u0131n\u0131nda \u0130dlib&#8217;e s\u0131\u011f\u0131nd\u0131\u011f\u0131na, ondan \u00f6nce de yak\u0131n bir b\u00f6lgede 2019 y\u0131l\u0131nda selefi Ebu Bekir el Ba\u011fdadi&#8217;nin \u00f6ld\u00fcr\u00fclmesinin, &#8220;k\u00fcresel ter\u00f6rizmin ba\u015fkentine ve \u00e7\u00f6z\u00fcm gerektiren uluslararas\u0131 bir soruna d\u00f6n\u00fc\u015fmesini&#8221; do\u011frulad\u0131\u011f\u0131n\u0131 ifade etti.<\/p>\n<p style=\"text-align: justify;\">G\u00f6zlemciler ve analistler, Bat\u0131 ve Washington i\u00e7in tek \u00e7\u00f6z\u00fcm\u00fcn t\u00fcm ter\u00f6r \u00f6rg\u00fctlerine deste\u011fi bir an \u00f6nce kesmesi ve \u0130dlib&#8217;i Suriye devletinin otoritesine teslim etmesi oldu\u011funu belirterek, \u0130dlib&#8217;in d\u00fcnya ter\u00f6ristlerinin s\u0131\u011f\u0131na\u011f\u0131na d\u00f6n\u00fc\u015fmesinin \u00f6nceki politikalar\u0131n bir sonucu oldu\u011funu vurgulad\u0131. Yazar, Washington ve T\u00fcrk rejiminin, \u00f6zellikle de ay\u0131n ba\u015f\u0131nda \u00f6ld\u00fcr\u00fclen ter\u00f6r \u00f6rg\u00fct\u00fc I\u015e\u0130D&#8217;in lideri El Kurey\u015fi&#8217;nin, Erdo\u011fan rejimine ait bir askeri karakoldan \u00e7ok uzak olmayan bir noktada ya\u015fad\u0131\u011f\u0131n\u0131 s\u00f6yledi.<\/p>\n<p style=\"text-align: justify;\">Fuhra, ad\u0131n\u0131 (Hay&#8217;at Tahrir el \u015eam) olarak de\u011fi\u015ftiren ter\u00f6r \u00f6rg\u00fct\u00fc Nusra Cephesi&#8217;nin uluslararas\u0131 camiada tan\u0131nma \u00e7abalar\u0131na at\u0131fta bulunarak, ABD&#8217;nin bu ba\u011flamda bir ter\u00f6r \u00f6rg\u00fct\u00fc kurmas\u0131n\u0131n daha iyi olaca\u011f\u0131n\u0131 belirterek, analistlerin ve g\u00f6zlemcilerin de belirtti\u011fi gibi, bu ter\u00f6r \u00f6rg\u00fct\u00fcne kar\u015f\u0131 yeni strateji ve hesaplar\u0131n\u0131 bir sonraki \u00e7\u00f6z\u00fcme y\u00f6nlendirdi\u011fi ve Washington&#8217;un gizli bir orta\u011f\u0131 oldu\u011fu y\u00f6n\u00fcnde.<\/p>\n<p style=\"text-align: justify;\">Fuhra, eski ABD Ba\u015fkan\u0131 Donald Trump d\u00f6neminde Suriye \u00f6zel el\u00e7isi James Jeffrey&#8217;in ter\u00f6r \u00f6rg\u00fct\u00fcn\u00fcn (Hay&#8217;at Tahrir al \u015eam) ABD&#8217;li politikac\u0131lar taraf\u0131ndan Suriye&#8217;ye bask\u0131 yapmak i\u00e7in bir ara\u00e7 olarak kullan\u0131lmas\u0131 ve kanallar a\u00e7\u0131lmas\u0131 hakk\u0131nda if\u015fa etti\u011fini hat\u0131rlatarak, Joe Biden y\u00f6netiminin, ABD&#8217;nin Suriye devletini devirmek de dahil olmak \u00fczere \u00f6nceki baz\u0131 hedeflerinin art\u0131k ger\u00e7ek\u00e7i olmad\u0131\u011f\u0131n\u0131 kabul etti\u011fini belirten kendisiyle ileti\u015fim kurdu\u011funu a\u00e7\u0131klad\u0131.<\/p>\n<p style=\"text-align: justify;\">Her ne kadar mevcut ABD y\u00f6netiminin ter\u00f6r \u00f6rg\u00fct\u00fcne (Hay&#8217;at Tahrir el \u015eam) y\u00f6nelik politikas\u0131n\u0131n etraf\u0131ndaki belirsizli\u011fe i\u015faret etse de, T\u00fcrk liderli\u011fi ve denetimi alt\u0131nda s\u0131\u011f\u0131nak haline gelen kuzeybat\u0131 Suriye&#8217;nin (El Kaide) ve (I\u015e\u0130D) ter\u00f6ristleri i\u00e7in do\u011frudan a\u015f\u0131r\u0131l\u0131k yanl\u0131s\u0131 \u00f6rg\u00fct\u00fcn \u00f6zledi\u011fi tan\u0131nma olas\u0131l\u0131\u011f\u0131n\u0131n s\u00fcresiz olarak ertelendi\u011fini belirtti.<\/p>\n<p style=\"text-align: justify;\">\u0130dlib&#8217;de ter\u00f6ristlerin kontrol\u00fcndeki b\u00f6lgelerde ya\u015fananlar\u0131n T\u00fcrk rejiminin do\u011frudan deste\u011fi ve koordinasyonu alt\u0131nda oldu\u011fu kimsenin g\u00f6z\u00fcnden ka\u00e7m\u0131yor. Gazeteciye g\u00f6re, Washington&#8217;un oradaki t\u00fcm ter\u00f6r \u00f6rg\u00fctlerinin gruplar\u0131n\u0131n liderli\u011fini T\u00fcrk rejimine b\u0131rakt\u0131\u011f\u0131n\u0131 ve bu rejimin (Hay&#8217;at Tahrir al-Sham) koordine ve i\u015fbirli\u011fi i\u00e7inde oldu\u011funa i\u015faret ederek bunu do\u011fruluyor.<\/p>\n<p style=\"text-align: justify;\">Fuhra makalesinin sonunda, ABD&#8217;nin mevcut a\u015famada Suriye&#8217;nin kuzeybat\u0131s\u0131ndaki ter\u00f6r \u00f6rg\u00fctleriyle ilgili &#8220;\u00f6nceliklerinin ne oldu\u011fundan hen\u00fcz emin olmad\u0131\u011f\u0131n\u0131&#8221; g\u00f6rerek, ayn\u0131 zamanda bu \u00e7\u00f6z\u00fcm\u00fcn ABD i\u015fgal g\u00fc\u00e7lerinin Suriye&#8217;de kalmas\u0131yla olmad\u0131\u011f\u0131n\u0131 da vurgulad\u0131.<\/p>\n","protected":false},"excerpt":{"rendered":"<p>WASH\u0130NGTON &#8211; Amerika Birle\u015fik Devletleri liderli\u011findeki Bat\u0131l\u0131 \u00fclkeler, Suriye&#8217;nin kuzeyinde yay\u0131lan ter\u00f6r \u00f6rg\u00fctlerinin T\u00fcrk sponsorlu\u011funda (\u0131l\u0131ml\u0131 muhalefet) ad\u0131 alt\u0131nda devam eden su\u00e7lar\u0131n\u0131 desteklemekten ve haber yapmaktan vazge\u00e7meleri i\u00e7in defalarca yap\u0131lan \u00e7a\u011fr\u0131lar\u0131 g\u00f6rmezden gelmeye devam ederken, Amerikan (Foreign Policy) dergisinde gazeteci Anshal Fuhra, Washington&#8217;u \u0130dlib&#8217;de toplanmalar\u0131ndan kaynaklanan artan tehlikeler ve k\u00fcresel ter\u00f6r\u00fcn ba\u015fkentine d\u00f6n\u00fc\u015fmesi nedeniyle ter\u00f6ristlerin &hellip;<\/p>\n","protected":false},"author":1,"featured_media":250223,"comment_status":"closed","ping_status":"closed","sticky":false,"template":"","format":"standard","meta":{"footnotes":""},"categories":[556,458,459,17988],"tags":[],"class_list":["post-250222","post","type-post","status-publish","format-standard","has-post-thumbnail","","category-basin","category-dunya1","category-haberler-arap-uluslararasi-politika","category-son-haberler"],"_links":{"self":[{"href":"https:\/\/archive.sana.sy\/tr\/index.php?rest_route=\/wp\/v2\/posts\/250222","targetHints":{"allow":["GET"]}}],"collection":[{"href":"https:\/\/archive.sana.sy\/tr\/index.php?rest_route=\/wp\/v2\/posts"}],"about":[{"href":"https:\/\/archive.sana.sy\/tr\/index.php?rest_route=\/wp\/v2\/types\/post"}],"author":[{"embeddable":true,"href":"https:\/\/archive.sana.sy\/tr\/index.php?rest_route=\/wp\/v2\/users\/1"}],"replies":[{"embeddable":true,"href":"https:\/\/archive.sana.sy\/tr\/index.php?rest_route=%2Fwp%2Fv2%2Fcomments&post=250222"}],"version-history":[{"count":0,"href":"https:\/\/archive.sana.sy\/tr\/index.php?rest_route=\/wp\/v2\/posts\/250222\/revisions"}],"wp:featuredmedia":[{"embeddable":true,"href":"https:\/\/archive.sana.sy\/tr\/index.php?rest_route=\/wp\/v2\/media\/250223"}],"wp:attachment":[{"href":"https:\/\/archive.sana.sy\/tr\/index.php?rest_route=%2Fwp%2Fv2%2Fmedia&parent=250222"}],"wp:term":[{"taxonomy":"category","embeddable":true,"href":"https:\/\/archive.sana.sy\/tr\/index.php?rest_route=%2Fwp%2Fv2%2Fcategories&post=250222"},{"taxonomy":"post_tag","embeddable":true,"href":"https:\/\/archive.sana.sy\/tr\/index.php?rest_route=%2Fwp%2Fv2%2Ftags&post=250222"}],"curies":[{"name":"wp","href":"https:\/\/api.w.org\/{rel}","templated":true}]}}