{"id":250272,"date":"2022-02-21T21:15:21","date_gmt":"2022-02-21T19:15:21","guid":{"rendered":"http:\/\/107.6.182.27\/tr\/?p=250272"},"modified":"2022-02-22T08:22:50","modified_gmt":"2022-02-22T06:22:50","slug":"bogdanov-abd-guclerinin-suriyedeki-varligi-yasa-disi","status":"publish","type":"post","link":"https:\/\/archive.sana.sy\/tr\/?p=250272","title":{"rendered":"Bogdanov: ABD G\u00fc\u00e7lerinin Suriye&#8217;deki Varl\u0131\u011f\u0131 Yasa D\u0131\u015f\u0131"},"content":{"rendered":"<p style=\"text-align: justify;\">MOSKOVA &#8211; Rusya Devlet Ba\u015fkan\u0131&#8217;n\u0131n Ortado\u011fu ve Afrika \u00fclkeleri \u00f6zel temsilcisi Rusya D\u0131\u015fi\u015fleri Bakan Yard\u0131mc\u0131s\u0131 Mihail Bogdanov, Astana form\u00fcl\u00fcn\u00fcn Suriye&#8217;deki krize en etkili \u00e7\u00f6z\u00fcm olmaya devam etti\u011fini vurgulad\u0131.<\/p>\n<p style=\"text-align: justify;\">Bogdanov, Sputnik&#8217;in haberine g\u00f6re Valdai International Club&#8217;\u0131n onbirinci Ortado\u011fu konferans\u0131nda bug\u00fcn gazetecilere verdi\u011fi deme\u00e7te, &#8220;ABD g\u00fc\u00e7lerinin Suriye&#8217;deki varl\u0131\u011f\u0131 yasa d\u0131\u015f\u0131 ve oradaki m\u00fccadelelerinin ter\u00f6rizme kar\u015f\u0131 olmad\u0131\u011f\u0131 a\u00e7\u0131k&#8221; dedi.<\/p>\n","protected":false},"excerpt":{"rendered":"<p>MOSKOVA &#8211; Rusya Devlet Ba\u015fkan\u0131&#8217;n\u0131n Ortado\u011fu ve Afrika \u00fclkeleri \u00f6zel temsilcisi Rusya D\u0131\u015fi\u015fleri Bakan Yard\u0131mc\u0131s\u0131 Mihail Bogdanov, Astana form\u00fcl\u00fcn\u00fcn Suriye&#8217;deki krize en etkili \u00e7\u00f6z\u00fcm olmaya devam etti\u011fini vurgulad\u0131. Bogdanov, Sputnik&#8217;in haberine g\u00f6re Valdai International Club&#8217;\u0131n onbirinci Ortado\u011fu konferans\u0131nda bug\u00fcn gazetecilere verdi\u011fi deme\u00e7te, &#8220;ABD g\u00fc\u00e7lerinin Suriye&#8217;deki varl\u0131\u011f\u0131 yasa d\u0131\u015f\u0131 ve oradaki m\u00fccadelelerinin ter\u00f6rizme kar\u015f\u0131 olmad\u0131\u011f\u0131 a\u00e7\u0131k&#8221; &hellip;<\/p>\n","protected":false},"author":1,"featured_media":250273,"comment_status":"closed","ping_status":"closed","sticky":false,"template":"","format":"standard","meta":{"footnotes":""},"categories":[458,459,17988],"tags":[],"class_list":["post-250272","post","type-post","status-publish","format-standard","has-post-thumbnail","","category-dunya1","category-haberler-arap-uluslararasi-politika","category-son-haberler"],"_links":{"self":[{"href":"https:\/\/archive.sana.sy\/tr\/index.php?rest_route=\/wp\/v2\/posts\/250272","targetHints":{"allow":["GET"]}}],"collection":[{"href":"https:\/\/archive.sana.sy\/tr\/index.php?rest_route=\/wp\/v2\/posts"}],"about":[{"href":"https:\/\/archive.sana.sy\/tr\/index.php?rest_route=\/wp\/v2\/types\/post"}],"author":[{"embeddable":true,"href":"https:\/\/archive.sana.sy\/tr\/index.php?rest_route=\/wp\/v2\/users\/1"}],"replies":[{"embeddable":true,"href":"https:\/\/archive.sana.sy\/tr\/index.php?rest_route=%2Fwp%2Fv2%2Fcomments&post=250272"}],"version-history":[{"count":0,"href":"https:\/\/archive.sana.sy\/tr\/index.php?rest_route=\/wp\/v2\/posts\/250272\/revisions"}],"wp:featuredmedia":[{"embeddable":true,"href":"https:\/\/archive.sana.sy\/tr\/index.php?rest_route=\/wp\/v2\/media\/250273"}],"wp:attachment":[{"href":"https:\/\/archive.sana.sy\/tr\/index.php?rest_route=%2Fwp%2Fv2%2Fmedia&parent=250272"}],"wp:term":[{"taxonomy":"category","embeddable":true,"href":"https:\/\/archive.sana.sy\/tr\/index.php?rest_route=%2Fwp%2Fv2%2Fcategories&post=250272"},{"taxonomy":"post_tag","embeddable":true,"href":"https:\/\/archive.sana.sy\/tr\/index.php?rest_route=%2Fwp%2Fv2%2Ftags&post=250272"}],"curies":[{"name":"wp","href":"https:\/\/api.w.org\/{rel}","templated":true}]}}