{"id":250275,"date":"2022-02-21T21:33:34","date_gmt":"2022-02-21T19:33:34","guid":{"rendered":"http:\/\/107.6.182.27\/tr\/?p=250275"},"modified":"2022-02-22T08:23:07","modified_gmt":"2022-02-22T06:23:07","slug":"suriye-ve-iran-arasinda-idari-isler-ve-istihdam-alaninda-mutabakat-zapti","status":"publish","type":"post","link":"https:\/\/archive.sana.sy\/tr\/?p=250275","title":{"rendered":"Suriye Ve \u0130ran Aras\u0131nda, \u0130dari \u0130\u015fler Ve \u0130stihdam Alan\u0131nda Mutabakat Zapt\u0131"},"content":{"rendered":"<p style=\"text-align: justify;\">TAHRAN &#8211; Suriye ve \u0130ran bug\u00fcn Tahran&#8217;da idari i\u015fler ve istihdam alan\u0131nda ikili i\u015fbirli\u011fi i\u00e7in bir mutabakat zapt\u0131 imzalad\u0131.<\/p>\n<p style=\"text-align: justify;\">Suriye taraf\u0131nda \u0130dari Kalk\u0131nma Bakan\u0131 Dr. Selam Sefaf ve \u0130ran taraf\u0131nda \u0130ran cumhurba\u015fkan\u0131n\u0131n yard\u0131mc\u0131s\u0131 ve Kamu Y\u00f6netimi ve \u0130stihdam \u0130\u015fleri Te\u015fkilat\u0131 ba\u015fkan\u0131 Dr. Meysem Latifi taraf\u0131ndan idari geli\u015ftirme alan\u0131nda i\u015fbirli\u011fi ve \u00f6zellikle insan kapasitesinin geli\u015ftirilmesi ve y\u00f6netimi olmak \u00fczere her iki taraf\u0131n deneyimlerinden yararlan\u0131lmas\u0131 \u00fczerinde mutabakat muht\u0131ras\u0131 imzalad\u0131.<\/p>\n<p style=\"text-align: justify;\">\u0130ki taraf, idari kalk\u0131nma, idari reform, e\u011fitim ve nitelik, idari performans, insan kaynaklar\u0131 y\u00f6netimi ve istenen hedeflere ula\u015fmak i\u00e7in bilgi teknolojisinin kullan\u0131m\u0131 alanlar\u0131nda i\u015fbirli\u011fini geli\u015ftirmenin yollar\u0131n\u0131 ele alan bir m\u00fczakereler oturumu d\u00fczenledi.<\/p>\n<p style=\"text-align: justify;\">\u0130ki taraf, modern teknoloji ve teknolojiden yararlanarak idari fark\u0131ndal\u0131k d\u00fczeyinin y\u00fckseltilmesine katk\u0131da bulunan nitelikli e\u011fitim \u00e7al\u0131\u015ftaylar\u0131nda \u00e7al\u0131\u015fman\u0131n \u00f6nemini de vurgulad\u0131.<\/p>\n<p style=\"text-align: justify;\">Suriye&#8217;nin Tahran B\u00fcy\u00fckel\u00e7isi Dr. \u015eefik Deyyub, yeni bir i\u015fbirli\u011fi alan\u0131 olarak idari kalk\u0131nma alan\u0131nda ikili i\u015fbirli\u011finin kurulmas\u0131n\u0131n her iki \u00fclke i\u00e7in de b\u00fcy\u00fck \u00f6nem ta\u015f\u0131d\u0131\u011f\u0131n\u0131 ve Suriye h\u00fck\u00fcmetinin \u00f6nemli \u00f6nceliklerinden biri oldu\u011funu belirtti.<\/p>\n<p style=\"text-align: justify;\">Bakan Sefaf, \u0130stihdam Kurumu&#8217;ndaki dijitalle\u015ftirme asistan\u0131 ve insan kaynaklar\u0131 geli\u015ftirme asistan\u0131 ile de bir g\u00f6r\u00fc\u015fme ger\u00e7ekle\u015ftirdi ve g\u00f6r\u00fc\u015f al\u0131\u015fveri\u015finde bulunuldu ve kalk\u0131nmaya hizmet etmek ve istenen hedeflere ula\u015fmak i\u00e7in mevcut yetenekler ve bunlardan nas\u0131l yararlan\u0131laca\u011f\u0131 konusunda yak\u0131ndan g\u00f6r\u00fc\u015f al\u0131\u015fverri\u015finde bulunuldu.<\/p>\n","protected":false},"excerpt":{"rendered":"<p>TAHRAN &#8211; Suriye ve \u0130ran bug\u00fcn Tahran&#8217;da idari i\u015fler ve istihdam alan\u0131nda ikili i\u015fbirli\u011fi i\u00e7in bir mutabakat zapt\u0131 imzalad\u0131. Suriye taraf\u0131nda \u0130dari Kalk\u0131nma Bakan\u0131 Dr. Selam Sefaf ve \u0130ran taraf\u0131nda \u0130ran cumhurba\u015fkan\u0131n\u0131n yard\u0131mc\u0131s\u0131 ve Kamu Y\u00f6netimi ve \u0130stihdam \u0130\u015fleri Te\u015fkilat\u0131 ba\u015fkan\u0131 Dr. Meysem Latifi taraf\u0131ndan idari geli\u015ftirme alan\u0131nda i\u015fbirli\u011fi ve \u00f6zellikle insan kapasitesinin geli\u015ftirilmesi ve &hellip;<\/p>\n","protected":false},"author":1,"featured_media":250276,"comment_status":"closed","ping_status":"closed","sticky":false,"template":"","format":"standard","meta":{"footnotes":""},"categories":[458,459,17988],"tags":[],"class_list":["post-250275","post","type-post","status-publish","format-standard","has-post-thumbnail","","category-dunya1","category-haberler-arap-uluslararasi-politika","category-son-haberler"],"_links":{"self":[{"href":"https:\/\/archive.sana.sy\/tr\/index.php?rest_route=\/wp\/v2\/posts\/250275","targetHints":{"allow":["GET"]}}],"collection":[{"href":"https:\/\/archive.sana.sy\/tr\/index.php?rest_route=\/wp\/v2\/posts"}],"about":[{"href":"https:\/\/archive.sana.sy\/tr\/index.php?rest_route=\/wp\/v2\/types\/post"}],"author":[{"embeddable":true,"href":"https:\/\/archive.sana.sy\/tr\/index.php?rest_route=\/wp\/v2\/users\/1"}],"replies":[{"embeddable":true,"href":"https:\/\/archive.sana.sy\/tr\/index.php?rest_route=%2Fwp%2Fv2%2Fcomments&post=250275"}],"version-history":[{"count":0,"href":"https:\/\/archive.sana.sy\/tr\/index.php?rest_route=\/wp\/v2\/posts\/250275\/revisions"}],"wp:featuredmedia":[{"embeddable":true,"href":"https:\/\/archive.sana.sy\/tr\/index.php?rest_route=\/wp\/v2\/media\/250276"}],"wp:attachment":[{"href":"https:\/\/archive.sana.sy\/tr\/index.php?rest_route=%2Fwp%2Fv2%2Fmedia&parent=250275"}],"wp:term":[{"taxonomy":"category","embeddable":true,"href":"https:\/\/archive.sana.sy\/tr\/index.php?rest_route=%2Fwp%2Fv2%2Fcategories&post=250275"},{"taxonomy":"post_tag","embeddable":true,"href":"https:\/\/archive.sana.sy\/tr\/index.php?rest_route=%2Fwp%2Fv2%2Ftags&post=250275"}],"curies":[{"name":"wp","href":"https:\/\/api.w.org\/{rel}","templated":true}]}}