{"id":250278,"date":"2022-02-21T21:36:57","date_gmt":"2022-02-21T19:36:57","guid":{"rendered":"http:\/\/107.6.182.27\/tr\/?p=250278"},"modified":"2022-02-23T08:21:36","modified_gmt":"2022-02-23T06:21:36","slug":"sukri-pedersene-suriyedeki-krize-herhangi-bir-cozum-egemenliginin-tum-topraklari-uzerinde-yayilmasini-garanti-etmelidir","status":"publish","type":"post","link":"https:\/\/archive.sana.sy\/tr\/?p=250278","title":{"rendered":"\u015e\u00fckri Pedersen&#8217;e: Suriye&#8217;deki Krize Herhangi Bir \u00c7\u00f6z\u00fcm, Egemenli\u011finin T\u00fcm Topraklar\u0131 \u00dczerinde Yay\u0131lmas\u0131n\u0131 Garanti Etmelidir"},"content":{"rendered":"<p style=\"text-align: justify;\">KAH\u0130RE &#8211; M\u0131s\u0131r D\u0131\u015fi\u015fleri Bakan\u0131 Samih \u015e\u00fckri, Suriye&#8217;deki krize herhangi bir \u00e7\u00f6z\u00fcm\u00fcn, egemenli\u011finin t\u00fcm topraklar\u0131 \u00fczerinde yay\u0131lmas\u0131n\u0131 garanti etmesi ve kararlar\u0131n\u0131n ba\u011f\u0131ms\u0131zl\u0131\u011f\u0131n\u0131 korumas\u0131 gerekti\u011fini belirtti.<\/p>\n<p style=\"text-align: justify;\">D\u0131\u015fi\u015fleri Bakanl\u0131\u011f\u0131 S\u00f6zc\u00fcs\u00fc Ahmed Haf\u0131z bug\u00fcn yapt\u0131\u011f\u0131 a\u00e7\u0131klamada, \u015e\u00fckri&#8217;nin Birle\u015fmi\u015f Milletler Genel Sekreteri&#8217;nin Suriye \u00d6zel Temsilcisi Geir Pedersen&#8217;den Suriye arenas\u0131ndaki geli\u015fmelere ili\u015fkin koordinasyon ve periyodik isti\u015fareler \u00e7er\u00e7evesinde bir telefon ald\u0131\u011f\u0131n\u0131 s\u00f6yledi.<\/p>\n<p style=\"text-align: justify;\">Haf\u0131z \u015funlar\u0131 ekledi: Bakan \u015e\u00fckri, M\u0131s\u0131r&#8217;\u0131n Suriye&#8217;deki siyasi s\u00fcreci ilerletme konusundaki isteklili\u011fini belirterek, Suriye&#8217;nin egemenli\u011fini siyasi karar\u0131n\u0131n ba\u011f\u0131ms\u0131zl\u0131\u011f\u0131n\u0131 ve ba\u011f\u0131ms\u0131zl\u0131\u011f\u0131n\u0131 koruyacak \u015fekilde t\u00fcm ulusal topraklar\u0131 \u00fczerinde geni\u015fletmesini sa\u011flamak i\u00e7in krizin kapsaml\u0131 bir \u015fekilde \u00e7\u00f6z\u00fclmesi gerekti\u011fini, insani krizin karde\u015f Suriye halk\u0131 \u00fczerindeki yans\u0131malar\u0131na son vermesi gerekti\u011fini vurgulad\u0131<\/p>\n<p style=\"text-align: justify;\">Kendi y\u00f6n\u00fcnden Pedersen M\u0131s\u0131rl\u0131 bakana Suriye&#8217;deki krizin siyasi \u00e7\u00f6z\u00fcm yollar\u0131n\u0131 de\u011fi\u015ftirme \u00e7abas\u0131yla mevcut hamleler ve temaslar hakk\u0131nda bilgi verdi.<\/p>\n","protected":false},"excerpt":{"rendered":"<p>KAH\u0130RE &#8211; M\u0131s\u0131r D\u0131\u015fi\u015fleri Bakan\u0131 Samih \u015e\u00fckri, Suriye&#8217;deki krize herhangi bir \u00e7\u00f6z\u00fcm\u00fcn, egemenli\u011finin t\u00fcm topraklar\u0131 \u00fczerinde yay\u0131lmas\u0131n\u0131 garanti etmesi ve kararlar\u0131n\u0131n ba\u011f\u0131ms\u0131zl\u0131\u011f\u0131n\u0131 korumas\u0131 gerekti\u011fini belirtti. D\u0131\u015fi\u015fleri Bakanl\u0131\u011f\u0131 S\u00f6zc\u00fcs\u00fc Ahmed Haf\u0131z bug\u00fcn yapt\u0131\u011f\u0131 a\u00e7\u0131klamada, \u015e\u00fckri&#8217;nin Birle\u015fmi\u015f Milletler Genel Sekreteri&#8217;nin Suriye \u00d6zel Temsilcisi Geir Pedersen&#8217;den Suriye arenas\u0131ndaki geli\u015fmelere ili\u015fkin koordinasyon ve periyodik isti\u015fareler \u00e7er\u00e7evesinde bir telefon ald\u0131\u011f\u0131n\u0131 &hellip;<\/p>\n","protected":false},"author":1,"featured_media":250279,"comment_status":"closed","ping_status":"closed","sticky":false,"template":"","format":"standard","meta":{"footnotes":""},"categories":[458,459,17988],"tags":[],"class_list":["post-250278","post","type-post","status-publish","format-standard","has-post-thumbnail","","category-dunya1","category-haberler-arap-uluslararasi-politika","category-son-haberler"],"_links":{"self":[{"href":"https:\/\/archive.sana.sy\/tr\/index.php?rest_route=\/wp\/v2\/posts\/250278","targetHints":{"allow":["GET"]}}],"collection":[{"href":"https:\/\/archive.sana.sy\/tr\/index.php?rest_route=\/wp\/v2\/posts"}],"about":[{"href":"https:\/\/archive.sana.sy\/tr\/index.php?rest_route=\/wp\/v2\/types\/post"}],"author":[{"embeddable":true,"href":"https:\/\/archive.sana.sy\/tr\/index.php?rest_route=\/wp\/v2\/users\/1"}],"replies":[{"embeddable":true,"href":"https:\/\/archive.sana.sy\/tr\/index.php?rest_route=%2Fwp%2Fv2%2Fcomments&post=250278"}],"version-history":[{"count":0,"href":"https:\/\/archive.sana.sy\/tr\/index.php?rest_route=\/wp\/v2\/posts\/250278\/revisions"}],"wp:featuredmedia":[{"embeddable":true,"href":"https:\/\/archive.sana.sy\/tr\/index.php?rest_route=\/wp\/v2\/media\/250279"}],"wp:attachment":[{"href":"https:\/\/archive.sana.sy\/tr\/index.php?rest_route=%2Fwp%2Fv2%2Fmedia&parent=250278"}],"wp:term":[{"taxonomy":"category","embeddable":true,"href":"https:\/\/archive.sana.sy\/tr\/index.php?rest_route=%2Fwp%2Fv2%2Fcategories&post=250278"},{"taxonomy":"post_tag","embeddable":true,"href":"https:\/\/archive.sana.sy\/tr\/index.php?rest_route=%2Fwp%2Fv2%2Ftags&post=250278"}],"curies":[{"name":"wp","href":"https:\/\/api.w.org\/{rel}","templated":true}]}}