{"id":250281,"date":"2022-02-21T22:04:52","date_gmt":"2022-02-21T20:04:52","guid":{"rendered":"http:\/\/107.6.182.27\/tr\/?p=250281"},"modified":"2022-02-23T08:21:42","modified_gmt":"2022-02-23T06:21:42","slug":"dareyya-hizmetlerin-geri-donusu-ve-altyapinin-rehabilitasyonu-100-000-kisinin-geri-donusune-yardimci-oldu","status":"publish","type":"post","link":"https:\/\/archive.sana.sy\/tr\/?p=250281","title":{"rendered":"Dareyya.. Hizmetlerin geri d\u00f6n\u00fc\u015f\u00fc ve altyap\u0131n\u0131n rehabilitasyonu 100.000 ki\u015finin geri d\u00f6n\u00fc\u015f\u00fcne yard\u0131mc\u0131 oldu"},"content":{"rendered":"<p style=\"text-align: justify;\">\u015eAM KIRSALI &#8211; \u015eam K\u0131rsal\u0131 Dareyya kentinde hizmetlerin geri d\u00f6n\u00fc\u015f\u00fc ve altyap\u0131n\u0131n rehabilitasyonu, \u015fimdiye kadar yakla\u015f\u0131k y\u00fcz bin sakinin geri d\u00f6n\u00fc\u015f\u00fcne ve b\u00fcy\u00fck, k\u00fc\u00e7\u00fck, orta ve aras\u0131nda de\u011fi\u015fen 400&#8217;den fazla ticari ve end\u00fcstriyel ma\u011fazan\u0131n yeniden a\u00e7\u0131lmas\u0131na katk\u0131da bulundu\u011funu yerel konsey ba\u015fkan\u0131 Mervan Obeyd belirtti.<\/p>\n<p style=\"text-align: justify;\">SANA muhabirine yapt\u0131\u011f\u0131 a\u00e7\u0131klamada Obeyd, kentin valilik, yerel halk ve uluslararas\u0131 kurulu\u015flardan ald\u0131\u011f\u0131 kesintisiz \u00e7al\u0131\u015fma, koordinasyon ve deste\u011fin su, elektrik ve sanitasyon sekt\u00f6rlerinin altyap\u0131s\u0131n\u0131n tamamlanmas\u0131na katk\u0131 sa\u011flad\u0131\u011f\u0131n\u0131 belirterek, \u015funlar\u0131 kaydetti: &#8220;hizmet kurumlar\u0131n\u0131n rehabilitasyonu ve kentin ticari ve ekonomik hareketinin canlanmas\u0131na yard\u0131mc\u0131 oldu&#8221; dedi.<\/p>\n<p style=\"text-align: justify;\">Obeyd, meclisin d\u00fckkan sahiplerine sa\u011flad\u0131\u011f\u0131 kolayl\u0131klar\u0131n, onlar\u0131 ticari ve s\u0131nai ruhsat alma zorunlulu\u011fu getirmemesi ve son d\u00f6nemde vergiden muaf tutmas\u0131n\u0131n, daha fazla at\u00f6lye ve her t\u00fcrl\u00fc d\u00fckkan\u0131n a\u00e7\u0131lmas\u0131na olanak tan\u0131d\u0131\u011f\u0131na dikkat \u00e7ekti.<\/p>\n<p style=\"text-align: justify;\">Obeyd, Dareyya&#8217;da \u015fu anda 100 demirci at\u00f6lyesi, 100 al\u00fcminyum marangoz at\u00f6lyesi ve 70 s\u0131radan marangoz at\u00f6lyesinin bulundu\u011funu ve \u00fcnl\u00fc oldu\u011fu mobilya sekt\u00f6r\u00fcn\u00fcn \u0131\u015f\u0131lt\u0131s\u0131n\u0131 yeniden kazand\u0131rmak i\u00e7in ilk ad\u0131mlar\u0131n at\u0131lmaya ba\u015fland\u0131\u011f\u0131n\u0131 belirterek, ger\u00e7ekle\u015fen yerle\u015fimin bu \u015fekilde ger\u00e7ekle\u015fti\u011fini anlatt\u0131.<\/p>\n<p style=\"text-align: justify;\">Obeyd, Son zamanlarda kentte halk aras\u0131nda b\u00fcy\u00fck bir rahatlama b\u0131rak\u0131lm\u0131\u015f ve bu d\u00f6nemde ekonomik ve ticari faaliyetlerin geni\u015fletilmesinde b\u00fcy\u00fck rol oynayacakt\u0131r, dedi.<\/p>\n","protected":false},"excerpt":{"rendered":"<p>\u015eAM KIRSALI &#8211; \u015eam K\u0131rsal\u0131 Dareyya kentinde hizmetlerin geri d\u00f6n\u00fc\u015f\u00fc ve altyap\u0131n\u0131n rehabilitasyonu, \u015fimdiye kadar yakla\u015f\u0131k y\u00fcz bin sakinin geri d\u00f6n\u00fc\u015f\u00fcne ve b\u00fcy\u00fck, k\u00fc\u00e7\u00fck, orta ve aras\u0131nda de\u011fi\u015fen 400&#8217;den fazla ticari ve end\u00fcstriyel ma\u011fazan\u0131n yeniden a\u00e7\u0131lmas\u0131na katk\u0131da bulundu\u011funu yerel konsey ba\u015fkan\u0131 Mervan Obeyd belirtti. SANA muhabirine yapt\u0131\u011f\u0131 a\u00e7\u0131klamada Obeyd, kentin valilik, yerel halk ve uluslararas\u0131 &hellip;<\/p>\n","protected":false},"author":1,"featured_media":250282,"comment_status":"closed","ping_status":"closed","sticky":false,"template":"","format":"standard","meta":{"footnotes":""},"categories":[479,17988,478],"tags":[],"class_list":["post-250281","post","type-post","status-publish","format-standard","has-post-thumbnail","","category-haberler-yerel","category-son-haberler","category-yerel"],"_links":{"self":[{"href":"https:\/\/archive.sana.sy\/tr\/index.php?rest_route=\/wp\/v2\/posts\/250281","targetHints":{"allow":["GET"]}}],"collection":[{"href":"https:\/\/archive.sana.sy\/tr\/index.php?rest_route=\/wp\/v2\/posts"}],"about":[{"href":"https:\/\/archive.sana.sy\/tr\/index.php?rest_route=\/wp\/v2\/types\/post"}],"author":[{"embeddable":true,"href":"https:\/\/archive.sana.sy\/tr\/index.php?rest_route=\/wp\/v2\/users\/1"}],"replies":[{"embeddable":true,"href":"https:\/\/archive.sana.sy\/tr\/index.php?rest_route=%2Fwp%2Fv2%2Fcomments&post=250281"}],"version-history":[{"count":0,"href":"https:\/\/archive.sana.sy\/tr\/index.php?rest_route=\/wp\/v2\/posts\/250281\/revisions"}],"wp:featuredmedia":[{"embeddable":true,"href":"https:\/\/archive.sana.sy\/tr\/index.php?rest_route=\/wp\/v2\/media\/250282"}],"wp:attachment":[{"href":"https:\/\/archive.sana.sy\/tr\/index.php?rest_route=%2Fwp%2Fv2%2Fmedia&parent=250281"}],"wp:term":[{"taxonomy":"category","embeddable":true,"href":"https:\/\/archive.sana.sy\/tr\/index.php?rest_route=%2Fwp%2Fv2%2Fcategories&post=250281"},{"taxonomy":"post_tag","embeddable":true,"href":"https:\/\/archive.sana.sy\/tr\/index.php?rest_route=%2Fwp%2Fv2%2Ftags&post=250281"}],"curies":[{"name":"wp","href":"https:\/\/api.w.org\/{rel}","templated":true}]}}