{"id":250306,"date":"2022-02-22T08:47:07","date_gmt":"2022-02-22T06:47:07","guid":{"rendered":"http:\/\/107.6.182.27\/tr\/?p=250306"},"modified":"2022-02-23T08:20:02","modified_gmt":"2022-02-23T06:20:02","slug":"baskan-putin-donetsk-ve-lugansk-cumhuriyetlerinin-bagimsizligini-taniyan-kararnameleri-imzaladi","status":"publish","type":"post","link":"https:\/\/archive.sana.sy\/tr\/?p=250306","title":{"rendered":"Ba\u015fkan Putin, Donetsk Ve Lugansk Cumhuriyetlerinin Ba\u011f\u0131ms\u0131zl\u0131\u011f\u0131n\u0131 Tan\u0131yan Kararnameleri \u0130mzalad\u0131"},"content":{"rendered":"<p>MOSKOVA &#8211; Rusya Devlet Ba\u015fkan\u0131 Vladimir Putin d\u00fcn ak\u015fam, Rusya&#8217;n\u0131n Donetsk ve Lugansk cumhuriyetlerinin ba\u011f\u0131ms\u0131zl\u0131\u011f\u0131n\u0131 tan\u0131d\u0131\u011f\u0131n\u0131 ilan eden iki kararnameyi imzalad\u0131.<\/p>\n<p>Russia Today kanal\u0131n\u0131n haberine g\u00f6re Kremlin&#8217;deki iki belgenin imza t\u00f6reninde Putin, Donetsk ve Lugansk cumhuriyetlerinin Cumhurba\u015fkanlar\u0131 Denis Pu\u015filin ve Denis Pasi\u015fnik ile Rusya ile Donetsk ve Lugansk cumhuriyetleri aras\u0131nda dostluk, i\u015fbirli\u011fi ve yard\u0131m konulu iki ayr\u0131 anla\u015fma imzalad\u0131.<\/p>\n","protected":false},"excerpt":{"rendered":"<p>MOSKOVA &#8211; Rusya Devlet Ba\u015fkan\u0131 Vladimir Putin d\u00fcn ak\u015fam, Rusya&#8217;n\u0131n Donetsk ve Lugansk cumhuriyetlerinin ba\u011f\u0131ms\u0131zl\u0131\u011f\u0131n\u0131 tan\u0131d\u0131\u011f\u0131n\u0131 ilan eden iki kararnameyi imzalad\u0131. Russia Today kanal\u0131n\u0131n haberine g\u00f6re Kremlin&#8217;deki iki belgenin imza t\u00f6reninde Putin, Donetsk ve Lugansk cumhuriyetlerinin Cumhurba\u015fkanlar\u0131 Denis Pu\u015filin ve Denis Pasi\u015fnik ile Rusya ile Donetsk ve Lugansk cumhuriyetleri aras\u0131nda dostluk, i\u015fbirli\u011fi ve yard\u0131m konulu &hellip;<\/p>\n","protected":false},"author":36,"featured_media":250307,"comment_status":"closed","ping_status":"closed","sticky":false,"template":"","format":"standard","meta":{"footnotes":""},"categories":[458,459,17988],"tags":[],"class_list":["post-250306","post","type-post","status-publish","format-standard","has-post-thumbnail","","category-dunya1","category-haberler-arap-uluslararasi-politika","category-son-haberler"],"_links":{"self":[{"href":"https:\/\/archive.sana.sy\/tr\/index.php?rest_route=\/wp\/v2\/posts\/250306","targetHints":{"allow":["GET"]}}],"collection":[{"href":"https:\/\/archive.sana.sy\/tr\/index.php?rest_route=\/wp\/v2\/posts"}],"about":[{"href":"https:\/\/archive.sana.sy\/tr\/index.php?rest_route=\/wp\/v2\/types\/post"}],"author":[{"embeddable":true,"href":"https:\/\/archive.sana.sy\/tr\/index.php?rest_route=\/wp\/v2\/users\/36"}],"replies":[{"embeddable":true,"href":"https:\/\/archive.sana.sy\/tr\/index.php?rest_route=%2Fwp%2Fv2%2Fcomments&post=250306"}],"version-history":[{"count":0,"href":"https:\/\/archive.sana.sy\/tr\/index.php?rest_route=\/wp\/v2\/posts\/250306\/revisions"}],"wp:featuredmedia":[{"embeddable":true,"href":"https:\/\/archive.sana.sy\/tr\/index.php?rest_route=\/wp\/v2\/media\/250307"}],"wp:attachment":[{"href":"https:\/\/archive.sana.sy\/tr\/index.php?rest_route=%2Fwp%2Fv2%2Fmedia&parent=250306"}],"wp:term":[{"taxonomy":"category","embeddable":true,"href":"https:\/\/archive.sana.sy\/tr\/index.php?rest_route=%2Fwp%2Fv2%2Fcategories&post=250306"},{"taxonomy":"post_tag","embeddable":true,"href":"https:\/\/archive.sana.sy\/tr\/index.php?rest_route=%2Fwp%2Fv2%2Ftags&post=250306"}],"curies":[{"name":"wp","href":"https:\/\/api.w.org\/{rel}","templated":true}]}}