{"id":250310,"date":"2022-02-22T08:49:17","date_gmt":"2022-02-22T06:49:17","guid":{"rendered":"http:\/\/107.6.182.27\/tr\/?p=250310"},"modified":"2022-07-20T14:13:14","modified_gmt":"2022-07-20T11:13:14","slug":"moskovadaki-valdai-forumu-sirasinda-mikdad-batinin-rusyaya-karsi-yaptiklari-teror-savasi-sirasinda-suriyeye-yaptiklarina-benziyor-suriye-baskan-vladimir-putinin-lugansk-ve-donetsk-cumhur","status":"publish","type":"post","link":"https:\/\/archive.sana.sy\/tr\/?p=250310","title":{"rendered":"Moskova&#8217;daki Valdai Forumu s\u0131ras\u0131nda Mikdad: Bat\u0131&#8217;n\u0131n Rusya&#8217;ya kar\u015f\u0131 yapt\u0131klar\u0131, ter\u00f6r sava\u015f\u0131 s\u0131ras\u0131nda Suriye&#8217;ye yapt\u0131klar\u0131na benziyor. Suriye, Ba\u015fkan Vladimir Putin&#8217;in Lugansk ve Donetsk cumhuriyetlerini tan\u0131ma karar\u0131n\u0131 destekliyor ve onlarla i\u015fbirli\u011fi yapacak."},"content":{"rendered":"<p>Moskova&#8217;daki Valdai Forumu s\u0131ras\u0131nda Mikdad: Bat\u0131&#8217;n\u0131n Rusya&#8217;ya kar\u015f\u0131 yapt\u0131klar\u0131, ter\u00f6r sava\u015f\u0131 s\u0131ras\u0131nda Suriye&#8217;ye yapt\u0131klar\u0131na benziyor. Suriye, Ba\u015fkan Vladimir Putin&#8217;in Lugansk ve Donetsk cumhuriyetlerini tan\u0131ma karar\u0131n\u0131 destekliyor ve onlarla i\u015fbirli\u011fi yapacak.<\/p>\n","protected":false},"excerpt":{"rendered":"<p>Moskova&#8217;daki Valdai Forumu s\u0131ras\u0131nda Mikdad: Bat\u0131&#8217;n\u0131n Rusya&#8217;ya kar\u015f\u0131 yapt\u0131klar\u0131, ter\u00f6r sava\u015f\u0131 s\u0131ras\u0131nda Suriye&#8217;ye yapt\u0131klar\u0131na benziyor. Suriye, Ba\u015fkan Vladimir Putin&#8217;in Lugansk ve Donetsk cumhuriyetlerini tan\u0131ma karar\u0131n\u0131 destekliyor ve onlarla i\u015fbirli\u011fi yapacak.<\/p>\n","protected":false},"author":36,"featured_media":0,"comment_status":"closed","ping_status":"closed","sticky":false,"template":"","format":"standard","meta":{"footnotes":""},"categories":[1],"tags":[],"class_list":["post-250310","post","type-post","status-publish","format-standard","","category-news-not-sorted"],"_links":{"self":[{"href":"https:\/\/archive.sana.sy\/tr\/index.php?rest_route=\/wp\/v2\/posts\/250310","targetHints":{"allow":["GET"]}}],"collection":[{"href":"https:\/\/archive.sana.sy\/tr\/index.php?rest_route=\/wp\/v2\/posts"}],"about":[{"href":"https:\/\/archive.sana.sy\/tr\/index.php?rest_route=\/wp\/v2\/types\/post"}],"author":[{"embeddable":true,"href":"https:\/\/archive.sana.sy\/tr\/index.php?rest_route=\/wp\/v2\/users\/36"}],"replies":[{"embeddable":true,"href":"https:\/\/archive.sana.sy\/tr\/index.php?rest_route=%2Fwp%2Fv2%2Fcomments&post=250310"}],"version-history":[{"count":0,"href":"https:\/\/archive.sana.sy\/tr\/index.php?rest_route=\/wp\/v2\/posts\/250310\/revisions"}],"wp:attachment":[{"href":"https:\/\/archive.sana.sy\/tr\/index.php?rest_route=%2Fwp%2Fv2%2Fmedia&parent=250310"}],"wp:term":[{"taxonomy":"category","embeddable":true,"href":"https:\/\/archive.sana.sy\/tr\/index.php?rest_route=%2Fwp%2Fv2%2Fcategories&post=250310"},{"taxonomy":"post_tag","embeddable":true,"href":"https:\/\/archive.sana.sy\/tr\/index.php?rest_route=%2Fwp%2Fv2%2Ftags&post=250310"}],"curies":[{"name":"wp","href":"https:\/\/api.w.org\/{rel}","templated":true}]}}