{"id":250314,"date":"2022-02-22T09:15:07","date_gmt":"2022-02-22T07:15:07","guid":{"rendered":"http:\/\/107.6.182.27\/tr\/?p=250314"},"modified":"2022-02-23T09:14:34","modified_gmt":"2022-02-23T07:14:34","slug":"miqdad-batinin-bugun-rusyaya-karsi-yaptigi-teror-savasi-sirasinda-suriyeye-yaptigina-benziyor","status":"publish","type":"post","link":"https:\/\/archive.sana.sy\/tr\/?p=250314","title":{"rendered":"Mikdad: Bat\u0131&#8217;n\u0131n Bug\u00fcn Rusya&#8217;ya Kar\u015f\u0131 Yapt\u0131\u011f\u0131, Ter\u00f6r Sava\u015f\u0131 S\u0131ras\u0131nda Suriye&#8217;ye Yapt\u0131\u011f\u0131na Benziyor"},"content":{"rendered":"<p>MOSKOVA \u2013 D\u0131\u015fi\u015fleri ve Gurbet\u00e7iler Bakan\u0131 Dr. Faysal Mikdad, Bat\u0131&#8217;n\u0131n \u015fu anda Rusya&#8217;ya kar\u015f\u0131 yapt\u0131klar\u0131n\u0131n, ter\u00f6r sava\u015f\u0131 s\u0131ras\u0131nda Suriye&#8217;ye kar\u015f\u0131 yapt\u0131klar\u0131na benzer oldu\u011funu vurgulad\u0131.<\/p>\n<p>Moskova&#8217;daki Valdai Forumu s\u0131ras\u0131nda Mikdad: Suriye&#8217;nin Ba\u015fkan Putin&#8217;in Lugansk ve Donetsk cumhuriyetlerini tan\u0131ma karar\u0131n\u0131 destekledi\u011fini ve onlarla i\u015fbirli\u011fi yapaca\u011f\u0131n\u0131 s\u00f6yledi.<\/p>\n<p>El Mikdad, ABD i\u015fgal g\u00fc\u00e7lerinin ve onlar\u0131n destekledi\u011fi ayr\u0131l\u0131k\u00e7\u0131 milislerin, petrol ve bu\u011fday da dahil olmak \u00fczere Suriye halk\u0131n\u0131n servetini \u00e7almaya devam etti\u011fini de s\u00f6zlerine ekledi.<\/p>\n<p>El Mikdad ayr\u0131ca, T\u00fcrk rejiminin uluslararas\u0131 me\u015fruiyet kararlar\u0131 ve Astana mutabakatlar\u0131ndaki taahh\u00fctlerini ihlal ederek Suriye&#8217;deki ter\u00f6r \u00f6rg\u00fctlerini desteklemeye devam etti\u011fini belirtti.<\/p>\n<p>El Mikdad, ABD ve Bat\u0131&#8217;n\u0131n, Ortado\u011fu ve d\u00fcnya i\u00e7in tehdit olu\u015fturan Suriye&#8217;deki ter\u00f6re deste\u011fini s\u00fcrd\u00fcrd\u00fc\u011f\u00fcn\u00fc s\u00f6yledi.<\/p>\n<p>&nbsp;<\/p>\n<p>&nbsp;<\/p>\n","protected":false},"excerpt":{"rendered":"<p>MOSKOVA \u2013 D\u0131\u015fi\u015fleri ve Gurbet\u00e7iler Bakan\u0131 Dr. Faysal Mikdad, Bat\u0131&#8217;n\u0131n \u015fu anda Rusya&#8217;ya kar\u015f\u0131 yapt\u0131klar\u0131n\u0131n, ter\u00f6r sava\u015f\u0131 s\u0131ras\u0131nda Suriye&#8217;ye kar\u015f\u0131 yapt\u0131klar\u0131na benzer oldu\u011funu vurgulad\u0131. Moskova&#8217;daki Valdai Forumu s\u0131ras\u0131nda Mikdad: Suriye&#8217;nin Ba\u015fkan Putin&#8217;in Lugansk ve Donetsk cumhuriyetlerini tan\u0131ma karar\u0131n\u0131 destekledi\u011fini ve onlarla i\u015fbirli\u011fi yapaca\u011f\u0131n\u0131 s\u00f6yledi. El Mikdad, ABD i\u015fgal g\u00fc\u00e7lerinin ve onlar\u0131n destekledi\u011fi ayr\u0131l\u0131k\u00e7\u0131 milislerin, petrol &hellip;<\/p>\n","protected":false},"author":36,"featured_media":250315,"comment_status":"closed","ping_status":"closed","sticky":false,"template":"","format":"standard","meta":{"footnotes":""},"categories":[458,459,17988],"tags":[],"class_list":["post-250314","post","type-post","status-publish","format-standard","has-post-thumbnail","","category-dunya1","category-haberler-arap-uluslararasi-politika","category-son-haberler"],"_links":{"self":[{"href":"https:\/\/archive.sana.sy\/tr\/index.php?rest_route=\/wp\/v2\/posts\/250314","targetHints":{"allow":["GET"]}}],"collection":[{"href":"https:\/\/archive.sana.sy\/tr\/index.php?rest_route=\/wp\/v2\/posts"}],"about":[{"href":"https:\/\/archive.sana.sy\/tr\/index.php?rest_route=\/wp\/v2\/types\/post"}],"author":[{"embeddable":true,"href":"https:\/\/archive.sana.sy\/tr\/index.php?rest_route=\/wp\/v2\/users\/36"}],"replies":[{"embeddable":true,"href":"https:\/\/archive.sana.sy\/tr\/index.php?rest_route=%2Fwp%2Fv2%2Fcomments&post=250314"}],"version-history":[{"count":0,"href":"https:\/\/archive.sana.sy\/tr\/index.php?rest_route=\/wp\/v2\/posts\/250314\/revisions"}],"wp:featuredmedia":[{"embeddable":true,"href":"https:\/\/archive.sana.sy\/tr\/index.php?rest_route=\/wp\/v2\/media\/250315"}],"wp:attachment":[{"href":"https:\/\/archive.sana.sy\/tr\/index.php?rest_route=%2Fwp%2Fv2%2Fmedia&parent=250314"}],"wp:term":[{"taxonomy":"category","embeddable":true,"href":"https:\/\/archive.sana.sy\/tr\/index.php?rest_route=%2Fwp%2Fv2%2Fcategories&post=250314"},{"taxonomy":"post_tag","embeddable":true,"href":"https:\/\/archive.sana.sy\/tr\/index.php?rest_route=%2Fwp%2Fv2%2Ftags&post=250314"}],"curies":[{"name":"wp","href":"https:\/\/api.w.org\/{rel}","templated":true}]}}