{"id":250318,"date":"2022-02-22T11:09:14","date_gmt":"2022-02-22T09:09:14","guid":{"rendered":"http:\/\/107.6.182.27\/tr\/?p=250318"},"modified":"2022-02-23T08:20:09","modified_gmt":"2022-02-23T06:20:09","slug":"kamisli-kirsalinda-dsg-milislerinin-kursunlariyla-bir-vatandas-yaralandi","status":"publish","type":"post","link":"https:\/\/archive.sana.sy\/tr\/?p=250318","title":{"rendered":"Kam\u0131\u015fl\u0131 K\u0131rsal\u0131nda DSG Milislerinin Kur\u015funlar\u0131yla Bir Vatanda\u015f Yaraland\u0131"},"content":{"rendered":"<p>HASEKE \u2013 Kam\u0131\u015fl\u0131 k\u0131rsal\u0131nda yer alan El Zaba k\u00f6y\u00fcnde Amerikan i\u015fgal g\u00fc\u00e7leri taraf\u0131ndan desteklenen \u201cDSG\u201d milisleri taraf\u0131ndan vurulan bir vatanda\u015f yaraland\u0131.<\/p>\n<p>Yerel kaynaklar SANA&#8217;ya yapt\u0131\u011f\u0131 a\u00e7\u0131klamada, &#8220;DSG\u201d milislerinden silahl\u0131 ki\u015filerin Kam\u0131\u015fl\u0131 k\u0131rsal\u0131ndaki El Zaba k\u00f6y\u00fcn\u00fc ku\u015fatt\u0131\u011f\u0131n\u0131 ve k\u00f6y\u00fcn evlerine d\u00fczenledi\u011fi bask\u0131n s\u0131ras\u0131nda vatanda\u015flara rastgele ate\u015f a\u00e7arak bir vatanda\u015f\u0131n yaralanmas\u0131na neden oldu\u011funu belirtti.<\/p>\n<p>Kaynaklar, DSG milislerinin k\u00f6yden 15 sivili ka\u00e7\u0131rarak b\u00f6lgedeki askeri karargah\u0131na g\u00f6t\u00fcrd\u00fc\u011f\u00fcn\u00fc belirtti.<\/p>\n","protected":false},"excerpt":{"rendered":"<p>HASEKE \u2013 Kam\u0131\u015fl\u0131 k\u0131rsal\u0131nda yer alan El Zaba k\u00f6y\u00fcnde Amerikan i\u015fgal g\u00fc\u00e7leri taraf\u0131ndan desteklenen \u201cDSG\u201d milisleri taraf\u0131ndan vurulan bir vatanda\u015f yaraland\u0131. Yerel kaynaklar SANA&#8217;ya yapt\u0131\u011f\u0131 a\u00e7\u0131klamada, &#8220;DSG\u201d milislerinden silahl\u0131 ki\u015filerin Kam\u0131\u015fl\u0131 k\u0131rsal\u0131ndaki El Zaba k\u00f6y\u00fcn\u00fc ku\u015fatt\u0131\u011f\u0131n\u0131 ve k\u00f6y\u00fcn evlerine d\u00fczenledi\u011fi bask\u0131n s\u0131ras\u0131nda vatanda\u015flara rastgele ate\u015f a\u00e7arak bir vatanda\u015f\u0131n yaralanmas\u0131na neden oldu\u011funu belirtti. Kaynaklar, DSG milislerinin &hellip;<\/p>\n","protected":false},"author":36,"featured_media":250319,"comment_status":"closed","ping_status":"closed","sticky":false,"template":"","format":"standard","meta":{"footnotes":""},"categories":[479,575,17988,478],"tags":[],"class_list":["post-250318","post","type-post","status-publish","format-standard","has-post-thumbnail","","category-haberler-yerel","category-olaylar-ve-gercekler","category-son-haberler","category-yerel"],"_links":{"self":[{"href":"https:\/\/archive.sana.sy\/tr\/index.php?rest_route=\/wp\/v2\/posts\/250318","targetHints":{"allow":["GET"]}}],"collection":[{"href":"https:\/\/archive.sana.sy\/tr\/index.php?rest_route=\/wp\/v2\/posts"}],"about":[{"href":"https:\/\/archive.sana.sy\/tr\/index.php?rest_route=\/wp\/v2\/types\/post"}],"author":[{"embeddable":true,"href":"https:\/\/archive.sana.sy\/tr\/index.php?rest_route=\/wp\/v2\/users\/36"}],"replies":[{"embeddable":true,"href":"https:\/\/archive.sana.sy\/tr\/index.php?rest_route=%2Fwp%2Fv2%2Fcomments&post=250318"}],"version-history":[{"count":0,"href":"https:\/\/archive.sana.sy\/tr\/index.php?rest_route=\/wp\/v2\/posts\/250318\/revisions"}],"wp:featuredmedia":[{"embeddable":true,"href":"https:\/\/archive.sana.sy\/tr\/index.php?rest_route=\/wp\/v2\/media\/250319"}],"wp:attachment":[{"href":"https:\/\/archive.sana.sy\/tr\/index.php?rest_route=%2Fwp%2Fv2%2Fmedia&parent=250318"}],"wp:term":[{"taxonomy":"category","embeddable":true,"href":"https:\/\/archive.sana.sy\/tr\/index.php?rest_route=%2Fwp%2Fv2%2Fcategories&post=250318"},{"taxonomy":"post_tag","embeddable":true,"href":"https:\/\/archive.sana.sy\/tr\/index.php?rest_route=%2Fwp%2Fv2%2Ftags&post=250318"}],"curies":[{"name":"wp","href":"https:\/\/api.w.org\/{rel}","templated":true}]}}