{"id":250330,"date":"2022-02-22T13:24:12","date_gmt":"2022-02-22T11:24:12","guid":{"rendered":"http:\/\/107.6.182.27\/tr\/?p=250330"},"modified":"2022-02-23T08:20:19","modified_gmt":"2022-02-23T06:20:19","slug":"deyrezzor-kirsalinda-amerikan-isgal-guclerinin-kursunlariyla-bir-sivil-sehit-dustu","status":"publish","type":"post","link":"https:\/\/archive.sana.sy\/tr\/?p=250330","title":{"rendered":"Deyrezzor K\u0131rsal\u0131nda, Amerikan \u0130\u015fgal G\u00fc\u00e7lerinin Kur\u015funlar\u0131yla Bir Sivil \u015eehit D\u00fc\u015ft\u00fc"},"content":{"rendered":"<p>DEYREZZOR \u2013 El Bakara a\u015firetinin ileri gelenlerinden biri, Amerikan i\u015fgal g\u00fc\u00e7lerinin Deyrezzor k\u0131rsal\u0131n\u0131n do\u011fusunda yer alan El Dahla beldesine d\u00fczenledi\u011fi havadan indirme operasyonu s\u0131ras\u0131nda \u015fehit d\u00fc\u015ft\u00fc.<\/p>\n<p>Yerel kaynaklar SANA&#8217;ya yapt\u0131\u011f\u0131 a\u00e7\u0131klamad, Amerikan i\u015fgal g\u00fc\u00e7lerine ait u\u00e7aklar\u0131n, Deyrezzor k\u0131rsal\u0131n\u0131n do\u011fusunda yer alan El Dahla beldesine, kendisine ba\u011fl\u0131 DSG milislerinin de deste\u011fiyle, yo\u011fun ve rastgele ate\u015f a\u00e7malar\u0131yla havadan indirme operasyonu d\u00fczenledi\u011fini belirtti.<\/p>\n<p>Muhabir ayr\u0131ca, havadan indirme operasyonunu, El Dahla beldesindeki El Bakara a\u015firetinin ileri gelenlerinden birinin \u015fehit d\u00fc\u015fmesine neden oldu\u011funa i\u015faret etti.<\/p>\n","protected":false},"excerpt":{"rendered":"<p>DEYREZZOR \u2013 El Bakara a\u015firetinin ileri gelenlerinden biri, Amerikan i\u015fgal g\u00fc\u00e7lerinin Deyrezzor k\u0131rsal\u0131n\u0131n do\u011fusunda yer alan El Dahla beldesine d\u00fczenledi\u011fi havadan indirme operasyonu s\u0131ras\u0131nda \u015fehit d\u00fc\u015ft\u00fc. Yerel kaynaklar SANA&#8217;ya yapt\u0131\u011f\u0131 a\u00e7\u0131klamad, Amerikan i\u015fgal g\u00fc\u00e7lerine ait u\u00e7aklar\u0131n, Deyrezzor k\u0131rsal\u0131n\u0131n do\u011fusunda yer alan El Dahla beldesine, kendisine ba\u011fl\u0131 DSG milislerinin de deste\u011fiyle, yo\u011fun ve rastgele ate\u015f a\u00e7malar\u0131yla &hellip;<\/p>\n","protected":false},"author":36,"featured_media":250331,"comment_status":"closed","ping_status":"closed","sticky":false,"template":"","format":"standard","meta":{"footnotes":""},"categories":[479,575,17988,478],"tags":[],"class_list":["post-250330","post","type-post","status-publish","format-standard","has-post-thumbnail","","category-haberler-yerel","category-olaylar-ve-gercekler","category-son-haberler","category-yerel"],"_links":{"self":[{"href":"https:\/\/archive.sana.sy\/tr\/index.php?rest_route=\/wp\/v2\/posts\/250330","targetHints":{"allow":["GET"]}}],"collection":[{"href":"https:\/\/archive.sana.sy\/tr\/index.php?rest_route=\/wp\/v2\/posts"}],"about":[{"href":"https:\/\/archive.sana.sy\/tr\/index.php?rest_route=\/wp\/v2\/types\/post"}],"author":[{"embeddable":true,"href":"https:\/\/archive.sana.sy\/tr\/index.php?rest_route=\/wp\/v2\/users\/36"}],"replies":[{"embeddable":true,"href":"https:\/\/archive.sana.sy\/tr\/index.php?rest_route=%2Fwp%2Fv2%2Fcomments&post=250330"}],"version-history":[{"count":0,"href":"https:\/\/archive.sana.sy\/tr\/index.php?rest_route=\/wp\/v2\/posts\/250330\/revisions"}],"wp:featuredmedia":[{"embeddable":true,"href":"https:\/\/archive.sana.sy\/tr\/index.php?rest_route=\/wp\/v2\/media\/250331"}],"wp:attachment":[{"href":"https:\/\/archive.sana.sy\/tr\/index.php?rest_route=%2Fwp%2Fv2%2Fmedia&parent=250330"}],"wp:term":[{"taxonomy":"category","embeddable":true,"href":"https:\/\/archive.sana.sy\/tr\/index.php?rest_route=%2Fwp%2Fv2%2Fcategories&post=250330"},{"taxonomy":"post_tag","embeddable":true,"href":"https:\/\/archive.sana.sy\/tr\/index.php?rest_route=%2Fwp%2Fv2%2Ftags&post=250330"}],"curies":[{"name":"wp","href":"https:\/\/api.w.org\/{rel}","templated":true}]}}