{"id":250347,"date":"2022-02-22T23:09:48","date_gmt":"2022-02-22T21:09:48","guid":{"rendered":"http:\/\/107.6.182.27\/tr\/?p=250347"},"modified":"2022-02-23T08:21:06","modified_gmt":"2022-02-23T06:21:06","slug":"amerikan-isgal-gucleri-isid-teroristleri-deyrezzordan-hasekeye-nakletti","status":"publish","type":"post","link":"https:\/\/archive.sana.sy\/tr\/?p=250347","title":{"rendered":"Amerikan \u0130\u015fgal G\u00fc\u00e7leri I\u015e\u0130D Ter\u00f6ristleri Deyrezzor&#8217;dan Haseke&#8217;ye Nakletti"},"content":{"rendered":"<p style=\"text-align: justify;\">HASEKE \u2013 Amerikan i\u015fgal g\u00fc\u00e7leri, \u201cDSG\u201d milisleri ile i\u015fbirli\u011fi i\u00e7inde, \u00e7ok say\u0131da I\u015e\u0130D ter\u00f6ristini Deyrezzor&#8217;daki hapishanelerden Haseke&#8217;ye nakletti.<\/p>\n<p style=\"text-align: justify;\">B\u00f6lge kaynaklar\u0131 SANA muhabirine, a\u011f\u0131r silahl\u0131 ABD askeri ara\u00e7lar\u0131n\u0131n \u201cDSG\u201de ait d\u00f6rt \u00e7eker ara\u00e7lar\u0131 e\u015fli\u011finde Deyrezzor&#8217;da kurdu\u011fu cezaevlerinde tutuklu bulunan \u00e7ok say\u0131da I\u015e\u0130D&#8217;li ter\u00f6risti Haseke ilindeki cezaevlerine nakletti\u011fini belirtti.<\/p>\n<p style=\"text-align: justify;\">Kaynaklar, ula\u015f\u0131m s\u00fcrecinde i\u015fgal g\u00fc\u00e7lerinin s\u0131k\u0131 g\u00fcvenlik \u00f6nlemleri alarak Hasaka ile Deyrizor aras\u0131ndaki yolu saatlerce trafi\u011fe kapatt\u0131\u011f\u0131na dikkat \u00e7ekti.<\/p>\n<p style=\"text-align: justify;\">P.M.<\/p>\n","protected":false},"excerpt":{"rendered":"<p>HASEKE \u2013 Amerikan i\u015fgal g\u00fc\u00e7leri, \u201cDSG\u201d milisleri ile i\u015fbirli\u011fi i\u00e7inde, \u00e7ok say\u0131da I\u015e\u0130D ter\u00f6ristini Deyrezzor&#8217;daki hapishanelerden Haseke&#8217;ye nakletti. B\u00f6lge kaynaklar\u0131 SANA muhabirine, a\u011f\u0131r silahl\u0131 ABD askeri ara\u00e7lar\u0131n\u0131n \u201cDSG\u201de ait d\u00f6rt \u00e7eker ara\u00e7lar\u0131 e\u015fli\u011finde Deyrezzor&#8217;da kurdu\u011fu cezaevlerinde tutuklu bulunan \u00e7ok say\u0131da I\u015e\u0130D&#8217;li ter\u00f6risti Haseke ilindeki cezaevlerine nakletti\u011fini belirtti. Kaynaklar, ula\u015f\u0131m s\u00fcrecinde i\u015fgal g\u00fc\u00e7lerinin s\u0131k\u0131 g\u00fcvenlik \u00f6nlemleri &hellip;<\/p>\n","protected":false},"author":1,"featured_media":250348,"comment_status":"closed","ping_status":"closed","sticky":false,"template":"","format":"standard","meta":{"footnotes":""},"categories":[479,17988,478],"tags":[],"class_list":["post-250347","post","type-post","status-publish","format-standard","has-post-thumbnail","","category-haberler-yerel","category-son-haberler","category-yerel"],"_links":{"self":[{"href":"https:\/\/archive.sana.sy\/tr\/index.php?rest_route=\/wp\/v2\/posts\/250347","targetHints":{"allow":["GET"]}}],"collection":[{"href":"https:\/\/archive.sana.sy\/tr\/index.php?rest_route=\/wp\/v2\/posts"}],"about":[{"href":"https:\/\/archive.sana.sy\/tr\/index.php?rest_route=\/wp\/v2\/types\/post"}],"author":[{"embeddable":true,"href":"https:\/\/archive.sana.sy\/tr\/index.php?rest_route=\/wp\/v2\/users\/1"}],"replies":[{"embeddable":true,"href":"https:\/\/archive.sana.sy\/tr\/index.php?rest_route=%2Fwp%2Fv2%2Fcomments&post=250347"}],"version-history":[{"count":0,"href":"https:\/\/archive.sana.sy\/tr\/index.php?rest_route=\/wp\/v2\/posts\/250347\/revisions"}],"wp:featuredmedia":[{"embeddable":true,"href":"https:\/\/archive.sana.sy\/tr\/index.php?rest_route=\/wp\/v2\/media\/250348"}],"wp:attachment":[{"href":"https:\/\/archive.sana.sy\/tr\/index.php?rest_route=%2Fwp%2Fv2%2Fmedia&parent=250347"}],"wp:term":[{"taxonomy":"category","embeddable":true,"href":"https:\/\/archive.sana.sy\/tr\/index.php?rest_route=%2Fwp%2Fv2%2Fcategories&post=250347"},{"taxonomy":"post_tag","embeddable":true,"href":"https:\/\/archive.sana.sy\/tr\/index.php?rest_route=%2Fwp%2Fv2%2Ftags&post=250347"}],"curies":[{"name":"wp","href":"https:\/\/api.w.org\/{rel}","templated":true}]}}