{"id":250350,"date":"2022-02-22T23:11:14","date_gmt":"2022-02-22T21:11:14","guid":{"rendered":"http:\/\/107.6.182.27\/tr\/?p=250350"},"modified":"2022-02-25T09:05:54","modified_gmt":"2022-02-25T07:05:54","slug":"putin-kiev-makamlari-minsk-anlasmalarini-yok-etti","status":"publish","type":"post","link":"https:\/\/archive.sana.sy\/tr\/?p=250350","title":{"rendered":"Putin: Kiev Makamlar\u0131 Minsk Anla\u015fmalar\u0131n\u0131 Yok Etti"},"content":{"rendered":"<p style=\"text-align: justify;\">MOSKOVA \u2013 Rusya Ba\u015fkan\u0131 Vladimir Putin, Ukrayna&#8217;daki mevcut yetkililerin, \u00fclkesinin Donetsk ve Lugansk cumhuriyetlerini tan\u0131maya karar vermesinden \u00e7ok \u00f6nce Minsk bar\u0131\u015f anla\u015fmas\u0131n\u0131 baltalad\u0131\u011f\u0131n\u0131 ve ortadan kald\u0131rd\u0131\u011f\u0131n\u0131 teyit etti.<\/p>\n<p style=\"text-align: justify;\">Rusya Ba\u015fkan\u0131 Putin bug\u00fcn Moskova&#8217;da d\u00fczenledi\u011fi bas\u0131n toplant\u0131s\u0131nda, Ukraynal\u0131 yetkililerin alabilece\u011fi en iyi karar\u0131n NATO&#8217;ya kat\u0131lma \u00e7abalar\u0131ndan vazge\u00e7mek oldu\u011funu vurgulad\u0131 ve Moskova&#8217;n\u0131n Washington ve NATO ile olan anla\u015fmazl\u0131\u011f\u0131n\u0131n Ukrayna&#8217;y\u0131 ittifaka dahil etmek oldu\u011funa i\u015faret etti.<\/p>\n<p style=\"text-align: justify;\">Putin, Ukrayna ile Luhansk ve Donetsk cumhuriyetlerinin farkl\u0131l\u0131klar\u0131n\u0131 \u00e7\u00f6zeceklerini umdu\u011funu ifade ederek, Donetsk ve Luhansk ile yap\u0131lan anla\u015fmalar\u0131n gerekti\u011finde askeri yard\u0131m sa\u011flad\u0131\u011f\u0131n\u0131 ilan etti.<\/p>\n<p style=\"text-align: justify;\">Putin, Rusya&#8217;n\u0131n iki cumhuriyeti tan\u0131mas\u0131n\u0131n, s\u0131n\u0131rlar\u0131n\u0131 g\u00f6steren anayasa da dahil olmak \u00fczere t\u00fcm belgelerin tan\u0131nmas\u0131 anlam\u0131na geldi\u011fini vurgulad\u0131.<\/p>\n<p style=\"text-align: justify;\">Donbass&#8217;a Rus birlikleri g\u00f6nderme olas\u0131l\u0131\u011f\u0131 konusunda ise Putin, \u201cRus silahl\u0131 kuvvetlerinin belirli eylemlerini tahmin etmenin imkans\u0131z\u201d oldu\u011fundan dolay\u0131 sadece bu konunun duruma ba\u011fl\u0131 oldu\u011funu vurgulad\u0131.<\/p>\n<p style=\"text-align: justify;\">Putin, Ukrayna Devlet Ba\u015fkan\u0131 Vladimir Zelensky&#8217;nin Kiev&#8217;in n\u00fckleer silahlar\u0131n imhas\u0131yla ilgili Budape\u015fte Antla\u015fmas\u0131&#8217;ndan vazge\u00e7me olas\u0131l\u0131\u011f\u0131na ili\u015fkin son a\u00e7\u0131klamalar\u0131na at\u0131fta bulunarak, bu silahlar\u0131n Ukrayna&#8217;da ortaya \u00e7\u0131kmas\u0131n\u0131n taktik dahi olsa Rusya i\u00e7in stratejik bir tehdit olu\u015fturaca\u011f\u0131n\u0131 ve bu konunun dikkate al\u0131nmas\u0131 gerekti\u011fini s\u00f6yledi.<\/p>\n<p style=\"text-align: justify;\">Rusya Ba\u015fkan\u0131, d\u00fcn ba\u011f\u0131ms\u0131zl\u0131\u011f\u0131n\u0131 tan\u0131d\u0131\u011f\u0131 Donetsk ve Lugansk Halk Cumhuriyetlerinde bar\u0131\u015f\u0131 garanti alt\u0131na almak i\u00e7in bug\u00fcn erken saatlerde \u00fclkesinin Savunma Bakanl\u0131\u011f\u0131na talimat vermi\u015fti.<\/p>\n<p style=\"text-align: justify;\">P.M.<\/p>\n","protected":false},"excerpt":{"rendered":"<p>MOSKOVA \u2013 Rusya Ba\u015fkan\u0131 Vladimir Putin, Ukrayna&#8217;daki mevcut yetkililerin, \u00fclkesinin Donetsk ve Lugansk cumhuriyetlerini tan\u0131maya karar vermesinden \u00e7ok \u00f6nce Minsk bar\u0131\u015f anla\u015fmas\u0131n\u0131 baltalad\u0131\u011f\u0131n\u0131 ve ortadan kald\u0131rd\u0131\u011f\u0131n\u0131 teyit etti. Rusya Ba\u015fkan\u0131 Putin bug\u00fcn Moskova&#8217;da d\u00fczenledi\u011fi bas\u0131n toplant\u0131s\u0131nda, Ukraynal\u0131 yetkililerin alabilece\u011fi en iyi karar\u0131n NATO&#8217;ya kat\u0131lma \u00e7abalar\u0131ndan vazge\u00e7mek oldu\u011funu vurgulad\u0131 ve Moskova&#8217;n\u0131n Washington ve NATO ile olan &hellip;<\/p>\n","protected":false},"author":1,"featured_media":250351,"comment_status":"closed","ping_status":"closed","sticky":false,"template":"","format":"standard","meta":{"footnotes":""},"categories":[458,459,17988],"tags":[],"class_list":["post-250350","post","type-post","status-publish","format-standard","has-post-thumbnail","","category-dunya1","category-haberler-arap-uluslararasi-politika","category-son-haberler"],"_links":{"self":[{"href":"https:\/\/archive.sana.sy\/tr\/index.php?rest_route=\/wp\/v2\/posts\/250350","targetHints":{"allow":["GET"]}}],"collection":[{"href":"https:\/\/archive.sana.sy\/tr\/index.php?rest_route=\/wp\/v2\/posts"}],"about":[{"href":"https:\/\/archive.sana.sy\/tr\/index.php?rest_route=\/wp\/v2\/types\/post"}],"author":[{"embeddable":true,"href":"https:\/\/archive.sana.sy\/tr\/index.php?rest_route=\/wp\/v2\/users\/1"}],"replies":[{"embeddable":true,"href":"https:\/\/archive.sana.sy\/tr\/index.php?rest_route=%2Fwp%2Fv2%2Fcomments&post=250350"}],"version-history":[{"count":0,"href":"https:\/\/archive.sana.sy\/tr\/index.php?rest_route=\/wp\/v2\/posts\/250350\/revisions"}],"wp:featuredmedia":[{"embeddable":true,"href":"https:\/\/archive.sana.sy\/tr\/index.php?rest_route=\/wp\/v2\/media\/250351"}],"wp:attachment":[{"href":"https:\/\/archive.sana.sy\/tr\/index.php?rest_route=%2Fwp%2Fv2%2Fmedia&parent=250350"}],"wp:term":[{"taxonomy":"category","embeddable":true,"href":"https:\/\/archive.sana.sy\/tr\/index.php?rest_route=%2Fwp%2Fv2%2Fcategories&post=250350"},{"taxonomy":"post_tag","embeddable":true,"href":"https:\/\/archive.sana.sy\/tr\/index.php?rest_route=%2Fwp%2Fv2%2Ftags&post=250350"}],"curies":[{"name":"wp","href":"https:\/\/api.w.org\/{rel}","templated":true}]}}