{"id":250353,"date":"2022-02-22T23:12:54","date_gmt":"2022-02-22T21:12:54","guid":{"rendered":"http:\/\/107.6.182.27\/tr\/?p=250353"},"modified":"2022-02-25T09:05:57","modified_gmt":"2022-02-25T07:05:57","slug":"el-caferi-natonun-doguya-dogru-genislemesi-sadece-rusyayi-degil-bircok-ulkeyi-tehdit-ediyor-bu-yuzden-moskova-bunu-siddetle-reddetti","status":"publish","type":"post","link":"https:\/\/archive.sana.sy\/tr\/?p=250353","title":{"rendered":"El Caferi: NATO&#8217;nun Do\u011fuya Do\u011fru Geni\u015flemesi Sadece Rusya&#8217;y\u0131 De\u011fil Bir\u00e7ok \u00dclkeyi Tehdit Ediyor, Bu Y\u00fczden Moskova Bunu \u015eiddetle Reddetti"},"content":{"rendered":"<p style=\"text-align: justify;\">\u015eAM \u2013 D\u0131\u015fi\u015fleri ve Gurbet\u00e7iler Bakan Yard\u0131mc\u0131s\u0131 Dr.Be\u015f\u015far el Caferi, NATO&#8217;nun do\u011fuya do\u011fru geni\u015flemesinin sadece Rusya&#8217;y\u0131 de\u011fil bir\u00e7ok \u00fclkeyi tehdit etti\u011fini ve bu nedenle Moskova&#8217;n\u0131n bunu \u015fiddetle reddetti\u011fini vurgulad\u0131.<\/p>\n<p style=\"text-align: justify;\">D\u0131\u015fi\u015fleri ve Gurbet\u00e7iler Bakan Yard\u0131mc\u0131s\u0131 el Caferi, Al Suriye ve Al \u0130khbariye kanallar\u0131na verdi\u011fi r\u00f6portajda, Donetsk ve Lugansk Halk Cumhuriyetleri ile Rusya&#8217;n\u0131n Ukrayna&#8217;dan ba\u011f\u0131ms\u0131zl\u0131klar\u0131n\u0131 tan\u0131mas\u0131 ile ilgili olaylar\u0131n jeopolitik ile ilgili oldu\u011funu ve bu nedenle bu meselede herkesin endi\u015fe duydu\u011funu s\u00f6yledi.<\/p>\n<p style=\"text-align: justify;\">El Caferi, Rusya&#8217;n\u0131n ulusal g\u00fcvenli\u011finin k\u0131rm\u0131z\u0131 bir \u00e7izgi oldu\u011funu ve bu nedenle Rusya&#8217;n\u0131n Donetsk ve Luhansk Halk Cumhuriyetlerinin ba\u011f\u0131ms\u0131zl\u0131\u011f\u0131n\u0131 tan\u0131d\u0131\u011f\u0131n\u0131 da s\u00f6zlerine eklerken, Suriye&#8217;nin, iki ay \u00f6nce ortak \u00e7\u0131karlar ba\u011flam\u0131nda iki cumhuriyetle ili\u015fkiler kurmaya istekli oldu\u011funu ifade eden Rusya&#8217;n\u0131n, Donetsk ve Lugansk cumhuriyetlerinin ba\u011f\u0131ms\u0131zl\u0131\u011f\u0131n\u0131 tan\u0131mas\u0131n\u0131 ilkeli duru\u015flar\u0131 temelinde destekledi\u011fine dikkati \u00e7ekti.<\/p>\n<p style=\"text-align: justify;\">P.M.<\/p>\n","protected":false},"excerpt":{"rendered":"<p>\u015eAM \u2013 D\u0131\u015fi\u015fleri ve Gurbet\u00e7iler Bakan Yard\u0131mc\u0131s\u0131 Dr.Be\u015f\u015far el Caferi, NATO&#8217;nun do\u011fuya do\u011fru geni\u015flemesinin sadece Rusya&#8217;y\u0131 de\u011fil bir\u00e7ok \u00fclkeyi tehdit etti\u011fini ve bu nedenle Moskova&#8217;n\u0131n bunu \u015fiddetle reddetti\u011fini vurgulad\u0131. D\u0131\u015fi\u015fleri ve Gurbet\u00e7iler Bakan Yard\u0131mc\u0131s\u0131 el Caferi, Al Suriye ve Al \u0130khbariye kanallar\u0131na verdi\u011fi r\u00f6portajda, Donetsk ve Lugansk Halk Cumhuriyetleri ile Rusya&#8217;n\u0131n Ukrayna&#8217;dan ba\u011f\u0131ms\u0131zl\u0131klar\u0131n\u0131 tan\u0131mas\u0131 ile &hellip;<\/p>\n","protected":false},"author":1,"featured_media":250354,"comment_status":"closed","ping_status":"closed","sticky":false,"template":"","format":"standard","meta":{"footnotes":""},"categories":[479,17988,478],"tags":[],"class_list":["post-250353","post","type-post","status-publish","format-standard","has-post-thumbnail","","category-haberler-yerel","category-son-haberler","category-yerel"],"_links":{"self":[{"href":"https:\/\/archive.sana.sy\/tr\/index.php?rest_route=\/wp\/v2\/posts\/250353","targetHints":{"allow":["GET"]}}],"collection":[{"href":"https:\/\/archive.sana.sy\/tr\/index.php?rest_route=\/wp\/v2\/posts"}],"about":[{"href":"https:\/\/archive.sana.sy\/tr\/index.php?rest_route=\/wp\/v2\/types\/post"}],"author":[{"embeddable":true,"href":"https:\/\/archive.sana.sy\/tr\/index.php?rest_route=\/wp\/v2\/users\/1"}],"replies":[{"embeddable":true,"href":"https:\/\/archive.sana.sy\/tr\/index.php?rest_route=%2Fwp%2Fv2%2Fcomments&post=250353"}],"version-history":[{"count":0,"href":"https:\/\/archive.sana.sy\/tr\/index.php?rest_route=\/wp\/v2\/posts\/250353\/revisions"}],"wp:featuredmedia":[{"embeddable":true,"href":"https:\/\/archive.sana.sy\/tr\/index.php?rest_route=\/wp\/v2\/media\/250354"}],"wp:attachment":[{"href":"https:\/\/archive.sana.sy\/tr\/index.php?rest_route=%2Fwp%2Fv2%2Fmedia&parent=250353"}],"wp:term":[{"taxonomy":"category","embeddable":true,"href":"https:\/\/archive.sana.sy\/tr\/index.php?rest_route=%2Fwp%2Fv2%2Fcategories&post=250353"},{"taxonomy":"post_tag","embeddable":true,"href":"https:\/\/archive.sana.sy\/tr\/index.php?rest_route=%2Fwp%2Fv2%2Ftags&post=250353"}],"curies":[{"name":"wp","href":"https:\/\/api.w.org\/{rel}","templated":true}]}}