{"id":250369,"date":"2022-02-23T10:47:18","date_gmt":"2022-02-23T08:47:18","guid":{"rendered":"http:\/\/107.6.182.27\/tr\/?p=250369"},"modified":"2022-02-25T09:06:14","modified_gmt":"2022-02-25T07:06:14","slug":"israil-isgal-gucleri-bati-yakada-23-filistinliyi-tutukladi","status":"publish","type":"post","link":"https:\/\/archive.sana.sy\/tr\/?p=250369","title":{"rendered":"\u0130srail \u0130\u015fgal G\u00fc\u00e7leri, Bat\u0131 Yaka\u2019da 23 Filistinliyi Tutuklad\u0131"},"content":{"rendered":"<p>\u0130\u015eGAL ALTINDAK\u0130 KUD\u00dcS \u2013 \u0130srail i\u015fgal g\u00fc\u00e7leri, Bat\u0131 Yaka\u2019da 23 Filistinliyi tutuklad\u0131.<\/p>\n<p>WAFA Hber Ajans\u0131, \u0130srail i\u015fgal g\u00fc\u00e7lerinin, El Halil\u2019dakiEl Aurub kamp\u0131 ve Halhul beldesi, Ramallah\u2019\u0131n do\u011fusundaki Deyr Crir k\u00f6y\u00fc, Cenin\u2019in g\u00fcneyindeki Caba, Nablus\u2019un g\u00fcneyindeki Beyta ve Aurta ve Selvit\u2019in bat\u0131s\u0131ndaki Karavet Bani Hasan beldelerine bask\u0131n d\u00fczenledi\u011fini belirtirken, 23 Filistinliyi tutuklad\u0131\u011f\u0131na i\u015faret etti.<\/p>\n","protected":false},"excerpt":{"rendered":"<p>\u0130\u015eGAL ALTINDAK\u0130 KUD\u00dcS \u2013 \u0130srail i\u015fgal g\u00fc\u00e7leri, Bat\u0131 Yaka\u2019da 23 Filistinliyi tutuklad\u0131. WAFA Hber Ajans\u0131, \u0130srail i\u015fgal g\u00fc\u00e7lerinin, El Halil\u2019dakiEl Aurub kamp\u0131 ve Halhul beldesi, Ramallah\u2019\u0131n do\u011fusundaki Deyr Crir k\u00f6y\u00fc, Cenin\u2019in g\u00fcneyindeki Caba, Nablus\u2019un g\u00fcneyindeki Beyta ve Aurta ve Selvit\u2019in bat\u0131s\u0131ndaki Karavet Bani Hasan beldelerine bask\u0131n d\u00fczenledi\u011fini belirtirken, 23 Filistinliyi tutuklad\u0131\u011f\u0131na i\u015faret etti.<\/p>\n","protected":false},"author":36,"featured_media":250370,"comment_status":"closed","ping_status":"closed","sticky":false,"template":"","format":"standard","meta":{"footnotes":""},"categories":[458,459,17988],"tags":[],"class_list":["post-250369","post","type-post","status-publish","format-standard","has-post-thumbnail","","category-dunya1","category-haberler-arap-uluslararasi-politika","category-son-haberler"],"_links":{"self":[{"href":"https:\/\/archive.sana.sy\/tr\/index.php?rest_route=\/wp\/v2\/posts\/250369","targetHints":{"allow":["GET"]}}],"collection":[{"href":"https:\/\/archive.sana.sy\/tr\/index.php?rest_route=\/wp\/v2\/posts"}],"about":[{"href":"https:\/\/archive.sana.sy\/tr\/index.php?rest_route=\/wp\/v2\/types\/post"}],"author":[{"embeddable":true,"href":"https:\/\/archive.sana.sy\/tr\/index.php?rest_route=\/wp\/v2\/users\/36"}],"replies":[{"embeddable":true,"href":"https:\/\/archive.sana.sy\/tr\/index.php?rest_route=%2Fwp%2Fv2%2Fcomments&post=250369"}],"version-history":[{"count":0,"href":"https:\/\/archive.sana.sy\/tr\/index.php?rest_route=\/wp\/v2\/posts\/250369\/revisions"}],"wp:featuredmedia":[{"embeddable":true,"href":"https:\/\/archive.sana.sy\/tr\/index.php?rest_route=\/wp\/v2\/media\/250370"}],"wp:attachment":[{"href":"https:\/\/archive.sana.sy\/tr\/index.php?rest_route=%2Fwp%2Fv2%2Fmedia&parent=250369"}],"wp:term":[{"taxonomy":"category","embeddable":true,"href":"https:\/\/archive.sana.sy\/tr\/index.php?rest_route=%2Fwp%2Fv2%2Fcategories&post=250369"},{"taxonomy":"post_tag","embeddable":true,"href":"https:\/\/archive.sana.sy\/tr\/index.php?rest_route=%2Fwp%2Fv2%2Ftags&post=250369"}],"curies":[{"name":"wp","href":"https:\/\/api.w.org\/{rel}","templated":true}]}}