{"id":250372,"date":"2022-02-23T11:07:27","date_gmt":"2022-02-23T09:07:27","guid":{"rendered":"http:\/\/107.6.182.27\/tr\/?p=250372"},"modified":"2022-02-25T09:06:18","modified_gmt":"2022-02-25T07:06:18","slug":"guvenlik-ve-emniyet-fuari-sas-expo-2022-yarin-sam-fuarlar-kentinde-basliyor","status":"publish","type":"post","link":"https:\/\/archive.sana.sy\/tr\/?p=250372","title":{"rendered":"G\u00fcvenlik ve Emniyet Fuar\u0131 &#8220;SAS Expo 2022&#8221; Yar\u0131n \u015eam Fuarlar Kentinde Ba\u015fl\u0131yor"},"content":{"rendered":"<p>\u015eAM \u2013 66 yerli ve yabanc\u0131 firman\u0131n kat\u0131l\u0131m\u0131yla, Me\u015fhadani Uluslararas\u0131 Sergiler ve Konferanslar Grubu taraf\u0131ndan \u0130leti\u015fim ve Teknoloji Bakanl\u0131\u011f\u0131 ile i\u015fbirli\u011fi i\u00e7inde d\u00fczenlenen ilk uluslararas\u0131 g\u00fcvenlik ve emniyet fuar\u0131 (SAS Expo 2022) yar\u0131n \u015eam Fuarlar Kentinde ba\u015flayacak.<\/p>\n<p>27 \u015eubat&#8217;a kadar devam edecek fuarda yer alan firmalar, en son kamera teknolojileri, g\u00f6zetim, yang\u0131n g\u00fcvenli\u011fi, h\u0131rs\u0131z alarm y\u00f6ntemleri, elektronik kap\u0131 ve kilitler ve di\u011ferlerine ek olarak siber g\u00fcvenlik, kontrol sistemleri ve elektronik g\u00fcvenlik sistemleri alan\u0131nda hizmet vermektedir.<\/p>\n<p>Sergiye dersler, \u00f6zel at\u00f6lye \u00e7al\u0131\u015fmalar\u0131 ve riskleri \u00f6nlemenin ve kazalarla ba\u015fa \u00e7\u0131kman\u0131n yollar\u0131 hakk\u0131nda sunumlar e\u015flik edecek.<\/p>\n<p>Grubun genel m\u00fcd\u00fcr\u00fc Halaf Me\u015fhadani SANA muhabirine yapt\u0131\u011f\u0131 a\u00e7\u0131klamada, fuar\u0131n amac\u0131n\u0131n kamu ve \u00f6zel sekt\u00f6r\u00fcn dijital \u00e7a\u011fda elektronik \u00f6deme sistemlerini korumas\u0131na yard\u0131mc\u0131 olmak oldu\u011funu belirtirken, sergiye 10&#8217;u \u0130ran, biri BAE ve biri Malezya olmak \u00fczere yakla\u015f\u0131k 12 \u015firketin davet edildi\u011fine dikkat \u00e7ekti.<\/p>\n<p>\u015eam&#8217;daki Ulusal M\u00fcze&#8217;nin \u00f6n\u00fcnden fuar alan\u0131na \u00fccretsiz ula\u015f\u0131m imkan\u0131 sunan sergi, \u00f6\u011fleden sonra ikiden ak\u015fam yediye kadar kap\u0131lar\u0131n\u0131 ziyaret\u00e7ilere a\u00e7\u0131yor.<\/p>\n","protected":false},"excerpt":{"rendered":"<p>\u015eAM \u2013 66 yerli ve yabanc\u0131 firman\u0131n kat\u0131l\u0131m\u0131yla, Me\u015fhadani Uluslararas\u0131 Sergiler ve Konferanslar Grubu taraf\u0131ndan \u0130leti\u015fim ve Teknoloji Bakanl\u0131\u011f\u0131 ile i\u015fbirli\u011fi i\u00e7inde d\u00fczenlenen ilk uluslararas\u0131 g\u00fcvenlik ve emniyet fuar\u0131 (SAS Expo 2022) yar\u0131n \u015eam Fuarlar Kentinde ba\u015flayacak. 27 \u015eubat&#8217;a kadar devam edecek fuarda yer alan firmalar, en son kamera teknolojileri, g\u00f6zetim, yang\u0131n g\u00fcvenli\u011fi, h\u0131rs\u0131z alarm &hellip;<\/p>\n","protected":false},"author":36,"featured_media":250373,"comment_status":"closed","ping_status":"closed","sticky":false,"template":"","format":"standard","meta":{"footnotes":""},"categories":[479,17988,478],"tags":[],"class_list":["post-250372","post","type-post","status-publish","format-standard","has-post-thumbnail","","category-haberler-yerel","category-son-haberler","category-yerel"],"_links":{"self":[{"href":"https:\/\/archive.sana.sy\/tr\/index.php?rest_route=\/wp\/v2\/posts\/250372","targetHints":{"allow":["GET"]}}],"collection":[{"href":"https:\/\/archive.sana.sy\/tr\/index.php?rest_route=\/wp\/v2\/posts"}],"about":[{"href":"https:\/\/archive.sana.sy\/tr\/index.php?rest_route=\/wp\/v2\/types\/post"}],"author":[{"embeddable":true,"href":"https:\/\/archive.sana.sy\/tr\/index.php?rest_route=\/wp\/v2\/users\/36"}],"replies":[{"embeddable":true,"href":"https:\/\/archive.sana.sy\/tr\/index.php?rest_route=%2Fwp%2Fv2%2Fcomments&post=250372"}],"version-history":[{"count":0,"href":"https:\/\/archive.sana.sy\/tr\/index.php?rest_route=\/wp\/v2\/posts\/250372\/revisions"}],"wp:featuredmedia":[{"embeddable":true,"href":"https:\/\/archive.sana.sy\/tr\/index.php?rest_route=\/wp\/v2\/media\/250373"}],"wp:attachment":[{"href":"https:\/\/archive.sana.sy\/tr\/index.php?rest_route=%2Fwp%2Fv2%2Fmedia&parent=250372"}],"wp:term":[{"taxonomy":"category","embeddable":true,"href":"https:\/\/archive.sana.sy\/tr\/index.php?rest_route=%2Fwp%2Fv2%2Fcategories&post=250372"},{"taxonomy":"post_tag","embeddable":true,"href":"https:\/\/archive.sana.sy\/tr\/index.php?rest_route=%2Fwp%2Fv2%2Ftags&post=250372"}],"curies":[{"name":"wp","href":"https:\/\/api.w.org\/{rel}","templated":true}]}}