{"id":250393,"date":"2022-02-23T22:15:37","date_gmt":"2022-02-23T20:15:37","guid":{"rendered":"http:\/\/107.6.182.27\/tr\/?p=250393"},"modified":"2022-02-25T09:01:04","modified_gmt":"2022-02-25T07:01:04","slug":"candar-elektrik-enerjisi-uretim-sirketinin-plani-56-milyon-megavat-uretimi","status":"publish","type":"post","link":"https:\/\/archive.sana.sy\/tr\/?p=250393","title":{"rendered":"Candar Elektrik Enerjisi \u00dcretim \u015eirketi&#8217;nin Plan\u0131: 5,6 Milyon Megavat \u00dcretimi"},"content":{"rendered":"<p style=\"text-align: justify;\">HOMS \u2013 Homs&#8217;taki Candar Elektrik Enerjisi \u00dcretim \u015eirketi, cari y\u0131l i\u00e7in 5,6 milyon megavat saatin \u00fczerinde \u00fcretimi i\u00e7eren \u00fcretim plan\u0131n\u0131 geli\u015ftirdi.<\/p>\n<p style=\"text-align: justify;\">\u015eirket Genel M\u00fcd\u00fcr\u00fc Zakareya Amer, \u015firketin plan\u0131n\u0131n, yap\u0131lan son bak\u0131mdan itibaren 16.000 \u00e7al\u0131\u015fma saatinden sonra birinci ve ikinci gaz t\u00fcrbinleri i\u00e7in bak\u0131m operasyonlar\u0131n\u0131n y\u00fcr\u00fct\u00fclmesini ve ayrica \u00fc\u00e7\u00fcnc\u00fc, d\u00f6rd\u00fcnc\u00fc, be\u015finci ve alt\u0131nc\u0131 gaz t\u00fcrbinlerinin bak\u0131m \u00e7al\u0131\u015fmalar\u0131n\u0131 yapmas\u0131n\u0131 i\u00e7erdi\u011fini belirtti.<\/p>\n<p style=\"text-align: justify;\">Amer, bak\u0131m \u00e7al\u0131\u015fmalar\u0131n\u0131n, birinci, ikinci, \u00fc\u00e7\u00fcnc\u00fc ve d\u00f6rd\u00fcnc\u00fc gaz t\u00fcrbini jenerat\u00f6rleri ile birinci ve ikinci buhar t\u00fcrbinlerinin genel bak\u0131m\u0131na ek olarak, elektrik ve yard\u0131mc\u0131 ekipmanlar\u0131 da kapsad\u0131\u011f\u0131na dikkat \u00e7ekti.<\/p>\n<p style=\"text-align: justify;\">\u015eirket genel m\u00fcd\u00fcr\u00fc, ge\u00e7ti\u011fimiz y\u0131l i\u00e7erisinde 3.772 bin megavatsaat elektrik \u00fcretildi\u011fini, gaz ve buhar t\u00fcrbinlerinin kontrol sistemleri, y\u0131pranan ve eskiyen par\u00e7alar\u0131n de\u011fi\u015ftirilmesi de dahil olmak \u00fczere bak\u0131m ve rehabilitasyon \u00e7al\u0131\u015fmalar\u0131n\u0131n tamamland\u0131\u011f\u0131n\u0131 belirtti.<\/p>\n<p style=\"text-align: justify;\">Homs&#8217;taki Candar \u00dcretme Genel \u015eirketi&#8217;nin ilki 1994-1995 y\u0131llar\u0131 aras\u0131nda d\u00f6rd\u00fc gaz t\u00fcrbini ve ikisi buhar olmak \u00fczere alt\u0131 t\u00fcrbinle ba\u015flayan ve 2011-2016 y\u0131llar\u0131 aras\u0131ndaki ikinci fazda \u00fc\u00e7 t\u00fcrbin olmak \u00fczere iki a\u015famada uygulanmas\u0131 dikkat \u00e7ekicidir.<\/p>\n<p style=\"text-align: justify;\">P.M.<\/p>\n","protected":false},"excerpt":{"rendered":"<p>HOMS \u2013 Homs&#8217;taki Candar Elektrik Enerjisi \u00dcretim \u015eirketi, cari y\u0131l i\u00e7in 5,6 milyon megavat saatin \u00fczerinde \u00fcretimi i\u00e7eren \u00fcretim plan\u0131n\u0131 geli\u015ftirdi. \u015eirket Genel M\u00fcd\u00fcr\u00fc Zakareya Amer, \u015firketin plan\u0131n\u0131n, yap\u0131lan son bak\u0131mdan itibaren 16.000 \u00e7al\u0131\u015fma saatinden sonra birinci ve ikinci gaz t\u00fcrbinleri i\u00e7in bak\u0131m operasyonlar\u0131n\u0131n y\u00fcr\u00fct\u00fclmesini ve ayrica \u00fc\u00e7\u00fcnc\u00fc, d\u00f6rd\u00fcnc\u00fc, be\u015finci ve alt\u0131nc\u0131 gaz t\u00fcrbinlerinin bak\u0131m &hellip;<\/p>\n","protected":false},"author":1,"featured_media":250394,"comment_status":"closed","ping_status":"closed","sticky":false,"template":"","format":"standard","meta":{"footnotes":""},"categories":[485,486,479,17988,478],"tags":[],"class_list":["post-250393","post","type-post","status-publish","format-standard","has-post-thumbnail","","category-is-ve-sermaye","category-haberler-is-ve-sermaye","category-haberler-yerel","category-son-haberler","category-yerel"],"_links":{"self":[{"href":"https:\/\/archive.sana.sy\/tr\/index.php?rest_route=\/wp\/v2\/posts\/250393","targetHints":{"allow":["GET"]}}],"collection":[{"href":"https:\/\/archive.sana.sy\/tr\/index.php?rest_route=\/wp\/v2\/posts"}],"about":[{"href":"https:\/\/archive.sana.sy\/tr\/index.php?rest_route=\/wp\/v2\/types\/post"}],"author":[{"embeddable":true,"href":"https:\/\/archive.sana.sy\/tr\/index.php?rest_route=\/wp\/v2\/users\/1"}],"replies":[{"embeddable":true,"href":"https:\/\/archive.sana.sy\/tr\/index.php?rest_route=%2Fwp%2Fv2%2Fcomments&post=250393"}],"version-history":[{"count":0,"href":"https:\/\/archive.sana.sy\/tr\/index.php?rest_route=\/wp\/v2\/posts\/250393\/revisions"}],"wp:featuredmedia":[{"embeddable":true,"href":"https:\/\/archive.sana.sy\/tr\/index.php?rest_route=\/wp\/v2\/media\/250394"}],"wp:attachment":[{"href":"https:\/\/archive.sana.sy\/tr\/index.php?rest_route=%2Fwp%2Fv2%2Fmedia&parent=250393"}],"wp:term":[{"taxonomy":"category","embeddable":true,"href":"https:\/\/archive.sana.sy\/tr\/index.php?rest_route=%2Fwp%2Fv2%2Fcategories&post=250393"},{"taxonomy":"post_tag","embeddable":true,"href":"https:\/\/archive.sana.sy\/tr\/index.php?rest_route=%2Fwp%2Fv2%2Ftags&post=250393"}],"curies":[{"name":"wp","href":"https:\/\/api.w.org\/{rel}","templated":true}]}}