{"id":250396,"date":"2022-02-23T22:16:54","date_gmt":"2022-02-23T20:16:54","guid":{"rendered":"http:\/\/107.6.182.27\/tr\/?p=250396"},"modified":"2022-02-25T09:01:13","modified_gmt":"2022-02-25T07:01:13","slug":"mikdad-suriye-rusya-koordinasyonu-stratejik-ve-sureklidir-ve-sonuclari-cesitli-alanlarda-ortaya-cikacaktir","status":"publish","type":"post","link":"https:\/\/archive.sana.sy\/tr\/?p=250396","title":{"rendered":"Mikdad: Suriye-Rusya Koordinasyonu Stratejik ve S\u00fcreklidir ve Sonu\u00e7lar\u0131 \u00c7e\u015fitli Alanlarda Ortaya \u00c7\u0131kacakt\u0131r"},"content":{"rendered":"<p style=\"text-align: justify;\">\u015eAM \u2013 D\u0131\u015fi\u015fleri ve Gurbet\u00e7iler Bakan\u0131 Feysal el Mikdad, Suriye ve Rusya&#8217;n\u0131n g\u00fcvenlik ve istikrar i\u00e7in y\u00fcr\u00fctt\u00fc\u011f\u00fc sava\u015f\u0131n devam etti\u011fini ve iki \u00fclkenin Ukrayna krizine ili\u015fkin tutumlar\u0131nda uyum oldu\u011funu teyit etti.<\/p>\n<p style=\"text-align: justify;\">Suriye ve haber kanal\u0131na verdi\u011fi r\u00f6portajda Bakan el Mikdad, Suriye-Rusya koordinasyonunun stratejik ve s\u00fcrekli oldu\u011funu ve sonu\u00e7lar\u0131n\u0131n \u00e7e\u015fitli alanlarda g\u00f6r\u00fcnece\u011fini s\u00f6yledi.<\/p>\n<p style=\"text-align: justify;\">El Mikdad, ABD&#8217;nin kuzeydo\u011fu Suriye&#8217;deki varl\u0131\u011f\u0131n\u0131n yasad\u0131\u015f\u0131 oldu\u011funu ve bu g\u00fc\u00e7lerin Suriye topraklar\u0131ndan ayr\u0131lmas\u0131 gerekti\u011fini de s\u00f6zlerine eklerken, ABD&#8217;nin binlerce yerinden edilmi\u015f ki\u015fiyi Rukban kamp\u0131nda g\u00f6zalt\u0131na almaya devam etti\u011fini ve onlar\u0131n evlerine, k\u00f6ylerine ve kasabalar\u0131na d\u00f6nmelerini engelledi\u011fine i\u015faret etti.<\/p>\n<p style=\"text-align: justify;\">\u00d6te yandan el Mikdad, takaslarla ilgili konu\u015fman\u0131n Bat\u0131&#8217;n\u0131n Suriye-Rus ili\u015fkilerini itibars\u0131zla\u015ft\u0131rma giri\u015fimleri oldu\u011funu ve Suriye&#8217;nin egemen bir devlet oldu\u011funu ve herhangi bir anla\u015fma veya takas olamayaca\u011f\u0131n\u0131 belirtti.<\/p>\n<p style=\"text-align: justify;\">Mikdad, Arap \u00fclkeleriyle ili\u015fkileri g\u00fc\u00e7lendirmeye istekli oldu\u011fumuzu ve Arap halklar\u0131n\u0131n yarar\u0131na ortak Arap eyleminin geri d\u00f6nmesini umdu\u011fumuzu s\u00f6yledi.<\/p>\n<p style=\"text-align: justify;\">P.M.<\/p>\n","protected":false},"excerpt":{"rendered":"<p>\u015eAM \u2013 D\u0131\u015fi\u015fleri ve Gurbet\u00e7iler Bakan\u0131 Feysal el Mikdad, Suriye ve Rusya&#8217;n\u0131n g\u00fcvenlik ve istikrar i\u00e7in y\u00fcr\u00fctt\u00fc\u011f\u00fc sava\u015f\u0131n devam etti\u011fini ve iki \u00fclkenin Ukrayna krizine ili\u015fkin tutumlar\u0131nda uyum oldu\u011funu teyit etti. Suriye ve haber kanal\u0131na verdi\u011fi r\u00f6portajda Bakan el Mikdad, Suriye-Rusya koordinasyonunun stratejik ve s\u00fcrekli oldu\u011funu ve sonu\u00e7lar\u0131n\u0131n \u00e7e\u015fitli alanlarda g\u00f6r\u00fcnece\u011fini s\u00f6yledi. El Mikdad, ABD&#8217;nin &hellip;<\/p>\n","protected":false},"author":1,"featured_media":250397,"comment_status":"closed","ping_status":"closed","sticky":false,"template":"","format":"standard","meta":{"footnotes":""},"categories":[479,17988,478],"tags":[],"class_list":["post-250396","post","type-post","status-publish","format-standard","has-post-thumbnail","","category-haberler-yerel","category-son-haberler","category-yerel"],"_links":{"self":[{"href":"https:\/\/archive.sana.sy\/tr\/index.php?rest_route=\/wp\/v2\/posts\/250396","targetHints":{"allow":["GET"]}}],"collection":[{"href":"https:\/\/archive.sana.sy\/tr\/index.php?rest_route=\/wp\/v2\/posts"}],"about":[{"href":"https:\/\/archive.sana.sy\/tr\/index.php?rest_route=\/wp\/v2\/types\/post"}],"author":[{"embeddable":true,"href":"https:\/\/archive.sana.sy\/tr\/index.php?rest_route=\/wp\/v2\/users\/1"}],"replies":[{"embeddable":true,"href":"https:\/\/archive.sana.sy\/tr\/index.php?rest_route=%2Fwp%2Fv2%2Fcomments&post=250396"}],"version-history":[{"count":0,"href":"https:\/\/archive.sana.sy\/tr\/index.php?rest_route=\/wp\/v2\/posts\/250396\/revisions"}],"wp:featuredmedia":[{"embeddable":true,"href":"https:\/\/archive.sana.sy\/tr\/index.php?rest_route=\/wp\/v2\/media\/250397"}],"wp:attachment":[{"href":"https:\/\/archive.sana.sy\/tr\/index.php?rest_route=%2Fwp%2Fv2%2Fmedia&parent=250396"}],"wp:term":[{"taxonomy":"category","embeddable":true,"href":"https:\/\/archive.sana.sy\/tr\/index.php?rest_route=%2Fwp%2Fv2%2Fcategories&post=250396"},{"taxonomy":"post_tag","embeddable":true,"href":"https:\/\/archive.sana.sy\/tr\/index.php?rest_route=%2Fwp%2Fv2%2Ftags&post=250396"}],"curies":[{"name":"wp","href":"https:\/\/api.w.org\/{rel}","templated":true}]}}