{"id":250406,"date":"2022-02-24T09:14:32","date_gmt":"2022-02-24T07:14:32","guid":{"rendered":"http:\/\/107.6.182.27\/tr\/?p=250406"},"modified":"2022-02-25T09:01:57","modified_gmt":"2022-02-25T07:01:57","slug":"israilin-sam-yakinlarina-duzenledigi-saldirida-3-asker-sehit-oldu-video","status":"publish","type":"post","link":"https:\/\/archive.sana.sy\/tr\/?p=250406","title":{"rendered":"\u0130srail&#8217;in \u015eam Yak\u0131nlar\u0131na D\u00fczenledi\u011fi Sald\u0131r\u0131da 3 Asker \u015eehit Oldu &#8211; Video"},"content":{"rendered":"<p style=\"text-align: justify;\">\u015eAM &#8211; \u0130srail&#8217;in \u015eam yak\u0131nlar\u0131nda baz\u0131 noktalara d\u00fczenledi\u011fi f\u00fcze sald\u0131r\u0131s\u0131 sonucu 3 asker \u015fehit oldu.<\/p>\n<p style=\"text-align: justify;\">Askeri kaynak SANA&#8217;ya verdi\u011fi deme\u00e7te, &#8220;Bug\u00fcn sabah saat 01:10 sular\u0131nda d\u00fc\u015fman \u0130srail&#8217;in Tabarayya G\u00f6l\u00fc&#8217;n\u00fcn kuzeyinden \u015eam kenti \u00e7evresindeki baz\u0131 noktalar\u0131 hedef alan f\u00fczeli hava sald\u0131r\u0131s\u0131 d\u00fczenledi\u011fini, Hava savunmam\u0131z\u0131n sald\u0131rgan f\u00fczelere kar\u015f\u0131 koydu\u011f\u00fcnu ve \u00e7o\u011funu d\u00fc\u015f\u00fcrd\u00fc\u011f\u00fcn\u00fc\u201d s\u00f6yledi.<\/p>\n<p style=\"text-align: justify;\">Kaynak, sald\u0131r\u0131 sonucunda &#8220;\u00fc\u00e7 askerin \u015fehit d\u00fc\u015fmesi ve baz\u0131 maddi kay\u0131plara yol a\u00e7t\u0131\u011f\u0131n\u0131&#8221; da s\u00f6zlerine ekledi.<\/p>\n","protected":false},"excerpt":{"rendered":"<p>\u015eAM &#8211; \u0130srail&#8217;in \u015eam yak\u0131nlar\u0131nda baz\u0131 noktalara d\u00fczenledi\u011fi f\u00fcze sald\u0131r\u0131s\u0131 sonucu 3 asker \u015fehit oldu. Askeri kaynak SANA&#8217;ya verdi\u011fi deme\u00e7te, &#8220;Bug\u00fcn sabah saat 01:10 sular\u0131nda d\u00fc\u015fman \u0130srail&#8217;in Tabarayya G\u00f6l\u00fc&#8217;n\u00fcn kuzeyinden \u015eam kenti \u00e7evresindeki baz\u0131 noktalar\u0131 hedef alan f\u00fczeli hava sald\u0131r\u0131s\u0131 d\u00fczenledi\u011fini, Hava savunmam\u0131z\u0131n sald\u0131rgan f\u00fczelere kar\u015f\u0131 koydu\u011f\u00fcnu ve \u00e7o\u011funu d\u00fc\u015f\u00fcrd\u00fc\u011f\u00fcn\u00fc\u201d s\u00f6yledi. Kaynak, sald\u0131r\u0131 sonucunda &#8220;\u00fc\u00e7 &hellip;<\/p>\n","protected":false},"author":1,"featured_media":250407,"comment_status":"closed","ping_status":"closed","sticky":false,"template":"","format":"standard","meta":{"footnotes":""},"categories":[479,575,17988,478],"tags":[],"class_list":["post-250406","post","type-post","status-publish","format-standard","has-post-thumbnail","","category-haberler-yerel","category-olaylar-ve-gercekler","category-son-haberler","category-yerel"],"_links":{"self":[{"href":"https:\/\/archive.sana.sy\/tr\/index.php?rest_route=\/wp\/v2\/posts\/250406","targetHints":{"allow":["GET"]}}],"collection":[{"href":"https:\/\/archive.sana.sy\/tr\/index.php?rest_route=\/wp\/v2\/posts"}],"about":[{"href":"https:\/\/archive.sana.sy\/tr\/index.php?rest_route=\/wp\/v2\/types\/post"}],"author":[{"embeddable":true,"href":"https:\/\/archive.sana.sy\/tr\/index.php?rest_route=\/wp\/v2\/users\/1"}],"replies":[{"embeddable":true,"href":"https:\/\/archive.sana.sy\/tr\/index.php?rest_route=%2Fwp%2Fv2%2Fcomments&post=250406"}],"version-history":[{"count":0,"href":"https:\/\/archive.sana.sy\/tr\/index.php?rest_route=\/wp\/v2\/posts\/250406\/revisions"}],"wp:featuredmedia":[{"embeddable":true,"href":"https:\/\/archive.sana.sy\/tr\/index.php?rest_route=\/wp\/v2\/media\/250407"}],"wp:attachment":[{"href":"https:\/\/archive.sana.sy\/tr\/index.php?rest_route=%2Fwp%2Fv2%2Fmedia&parent=250406"}],"wp:term":[{"taxonomy":"category","embeddable":true,"href":"https:\/\/archive.sana.sy\/tr\/index.php?rest_route=%2Fwp%2Fv2%2Fcategories&post=250406"},{"taxonomy":"post_tag","embeddable":true,"href":"https:\/\/archive.sana.sy\/tr\/index.php?rest_route=%2Fwp%2Fv2%2Ftags&post=250406"}],"curies":[{"name":"wp","href":"https:\/\/api.w.org\/{rel}","templated":true}]}}