{"id":250409,"date":"2022-02-24T09:17:24","date_gmt":"2022-02-24T07:17:24","guid":{"rendered":"http:\/\/107.6.182.27\/tr\/?p=250409"},"modified":"2022-02-25T09:02:07","modified_gmt":"2022-02-25T07:02:07","slug":"rusya-ukrayna-sinirina-yakin-hava-sahasini-sivil-havaciliga-kapatti","status":"publish","type":"post","link":"https:\/\/archive.sana.sy\/tr\/?p=250409","title":{"rendered":"Rusya, Ukrayna S\u0131n\u0131r\u0131na Yak\u0131n Hava Sahas\u0131n\u0131 Sivil Havac\u0131l\u0131\u011fa Kapatt\u0131"},"content":{"rendered":"<p style=\"text-align: justify;\">MOSKOVA &#8211; Rus havac\u0131l\u0131k yetkilileri, g\u00fcvenliklerini korumak i\u00e7in Rusya-Ukrayna s\u0131n\u0131r\u0131na yak\u0131n hava sahas\u0131n\u0131n sivil u\u00e7aklara kapat\u0131ld\u0131\u011f\u0131n\u0131 ilan etti.<\/p>\n<p style=\"text-align: justify;\">Rusya Bug\u00fcn internet sitesinde yer alan habere g\u00f6re, Rus sivil havac\u0131l\u0131k otoritelerinden yap\u0131lan a\u00e7\u0131klamada, Ukrayna&#8217;n\u0131n bat\u0131 s\u0131n\u0131r\u0131 boyunca ve Beyaz Rusya Cumhuriyeti&#8217;nin bat\u0131 s\u0131n\u0131r\u0131 boyunca koordinatlarla tan\u0131mlanan alan b\u00f6lgesinde silah ve askeri te\u00e7hizat\u0131n kullan\u0131lmas\u0131ndan kaynaklanan sivil u\u00e7aklar\u0131n g\u00fcvenli\u011fine y\u00f6nelik y\u00fcksek tehditle ba\u011flant\u0131l\u0131 olarak hava sahas\u0131n\u0131n kullan\u0131m\u0131na y\u00f6nelik bir rejimin ge\u00e7ici olarak uyguland\u0131\u011f\u0131 belirtildi.<\/p>\n","protected":false},"excerpt":{"rendered":"<p>MOSKOVA &#8211; Rus havac\u0131l\u0131k yetkilileri, g\u00fcvenliklerini korumak i\u00e7in Rusya-Ukrayna s\u0131n\u0131r\u0131na yak\u0131n hava sahas\u0131n\u0131n sivil u\u00e7aklara kapat\u0131ld\u0131\u011f\u0131n\u0131 ilan etti. Rusya Bug\u00fcn internet sitesinde yer alan habere g\u00f6re, Rus sivil havac\u0131l\u0131k otoritelerinden yap\u0131lan a\u00e7\u0131klamada, Ukrayna&#8217;n\u0131n bat\u0131 s\u0131n\u0131r\u0131 boyunca ve Beyaz Rusya Cumhuriyeti&#8217;nin bat\u0131 s\u0131n\u0131r\u0131 boyunca koordinatlarla tan\u0131mlanan alan b\u00f6lgesinde silah ve askeri te\u00e7hizat\u0131n kullan\u0131lmas\u0131ndan kaynaklanan sivil u\u00e7aklar\u0131n &hellip;<\/p>\n","protected":false},"author":1,"featured_media":250410,"comment_status":"closed","ping_status":"closed","sticky":false,"template":"","format":"standard","meta":{"footnotes":""},"categories":[458,459,17988],"tags":[],"class_list":["post-250409","post","type-post","status-publish","format-standard","has-post-thumbnail","","category-dunya1","category-haberler-arap-uluslararasi-politika","category-son-haberler"],"_links":{"self":[{"href":"https:\/\/archive.sana.sy\/tr\/index.php?rest_route=\/wp\/v2\/posts\/250409","targetHints":{"allow":["GET"]}}],"collection":[{"href":"https:\/\/archive.sana.sy\/tr\/index.php?rest_route=\/wp\/v2\/posts"}],"about":[{"href":"https:\/\/archive.sana.sy\/tr\/index.php?rest_route=\/wp\/v2\/types\/post"}],"author":[{"embeddable":true,"href":"https:\/\/archive.sana.sy\/tr\/index.php?rest_route=\/wp\/v2\/users\/1"}],"replies":[{"embeddable":true,"href":"https:\/\/archive.sana.sy\/tr\/index.php?rest_route=%2Fwp%2Fv2%2Fcomments&post=250409"}],"version-history":[{"count":0,"href":"https:\/\/archive.sana.sy\/tr\/index.php?rest_route=\/wp\/v2\/posts\/250409\/revisions"}],"wp:featuredmedia":[{"embeddable":true,"href":"https:\/\/archive.sana.sy\/tr\/index.php?rest_route=\/wp\/v2\/media\/250410"}],"wp:attachment":[{"href":"https:\/\/archive.sana.sy\/tr\/index.php?rest_route=%2Fwp%2Fv2%2Fmedia&parent=250409"}],"wp:term":[{"taxonomy":"category","embeddable":true,"href":"https:\/\/archive.sana.sy\/tr\/index.php?rest_route=%2Fwp%2Fv2%2Fcategories&post=250409"},{"taxonomy":"post_tag","embeddable":true,"href":"https:\/\/archive.sana.sy\/tr\/index.php?rest_route=%2Fwp%2Fv2%2Ftags&post=250409"}],"curies":[{"name":"wp","href":"https:\/\/api.w.org\/{rel}","templated":true}]}}