{"id":250412,"date":"2022-02-24T09:22:12","date_gmt":"2022-02-24T07:22:12","guid":{"rendered":"http:\/\/107.6.182.27\/tr\/?p=250412"},"modified":"2022-02-25T09:02:16","modified_gmt":"2022-02-25T07:02:16","slug":"rusya-savunma-bakanligi-ukrayna-hava-uslerinin-altyapisinin-bozuldugunu-ilan-etti","status":"publish","type":"post","link":"https:\/\/archive.sana.sy\/tr\/?p=250412","title":{"rendered":"Rusya Savunma Bakanl\u0131\u011f\u0131, Ukrayna Hava \u00dcslerinin Altyap\u0131s\u0131n\u0131n Bozuldu\u011funu \u0130lan Etti"},"content":{"rendered":"<p style=\"text-align: justify;\">MOSKOVA &#8211; Rusya Savunma Bakanl\u0131\u011f\u0131, g\u00fc\u00e7lerinin savunmas\u0131n\u0131 susturman\u0131n yan\u0131 s\u0131ra Ukrayna hava \u00fcslerinin askeri altyap\u0131s\u0131n\u0131 da bozdu\u011funu ilan etti.<\/p>\n<p style=\"text-align: justify;\">Bakanl\u0131k bug\u00fcn yapt\u0131\u011f\u0131 a\u00e7\u0131klamada, Ukrayna \u00fczerinde Rus u\u00e7aklar\u0131n\u0131n d\u00fc\u015f\u00fcr\u00fclmesine ili\u015fkin bas\u0131nda \u00e7\u0131kan haberleri yalanlayarak, bu haberlerin as\u0131ls\u0131z oldu\u011funa i\u015faret etti.<\/p>\n<p style=\"text-align: justify;\">Bakanl\u0131k, Ukrayna s\u0131n\u0131r muhaf\u0131zlar\u0131n\u0131n Rus birliklerine kar\u015f\u0131 herhangi bir diren\u00e7 g\u00f6stermedi\u011fine de dikkat \u00e7ekti.<\/p>\n","protected":false},"excerpt":{"rendered":"<p>MOSKOVA &#8211; Rusya Savunma Bakanl\u0131\u011f\u0131, g\u00fc\u00e7lerinin savunmas\u0131n\u0131 susturman\u0131n yan\u0131 s\u0131ra Ukrayna hava \u00fcslerinin askeri altyap\u0131s\u0131n\u0131 da bozdu\u011funu ilan etti. Bakanl\u0131k bug\u00fcn yapt\u0131\u011f\u0131 a\u00e7\u0131klamada, Ukrayna \u00fczerinde Rus u\u00e7aklar\u0131n\u0131n d\u00fc\u015f\u00fcr\u00fclmesine ili\u015fkin bas\u0131nda \u00e7\u0131kan haberleri yalanlayarak, bu haberlerin as\u0131ls\u0131z oldu\u011funa i\u015faret etti. Bakanl\u0131k, Ukrayna s\u0131n\u0131r muhaf\u0131zlar\u0131n\u0131n Rus birliklerine kar\u015f\u0131 herhangi bir diren\u00e7 g\u00f6stermedi\u011fine de dikkat \u00e7ekti.<\/p>\n","protected":false},"author":1,"featured_media":250413,"comment_status":"closed","ping_status":"closed","sticky":false,"template":"","format":"standard","meta":{"footnotes":""},"categories":[458,459,17988],"tags":[],"class_list":["post-250412","post","type-post","status-publish","format-standard","has-post-thumbnail","","category-dunya1","category-haberler-arap-uluslararasi-politika","category-son-haberler"],"_links":{"self":[{"href":"https:\/\/archive.sana.sy\/tr\/index.php?rest_route=\/wp\/v2\/posts\/250412","targetHints":{"allow":["GET"]}}],"collection":[{"href":"https:\/\/archive.sana.sy\/tr\/index.php?rest_route=\/wp\/v2\/posts"}],"about":[{"href":"https:\/\/archive.sana.sy\/tr\/index.php?rest_route=\/wp\/v2\/types\/post"}],"author":[{"embeddable":true,"href":"https:\/\/archive.sana.sy\/tr\/index.php?rest_route=\/wp\/v2\/users\/1"}],"replies":[{"embeddable":true,"href":"https:\/\/archive.sana.sy\/tr\/index.php?rest_route=%2Fwp%2Fv2%2Fcomments&post=250412"}],"version-history":[{"count":0,"href":"https:\/\/archive.sana.sy\/tr\/index.php?rest_route=\/wp\/v2\/posts\/250412\/revisions"}],"wp:featuredmedia":[{"embeddable":true,"href":"https:\/\/archive.sana.sy\/tr\/index.php?rest_route=\/wp\/v2\/media\/250413"}],"wp:attachment":[{"href":"https:\/\/archive.sana.sy\/tr\/index.php?rest_route=%2Fwp%2Fv2%2Fmedia&parent=250412"}],"wp:term":[{"taxonomy":"category","embeddable":true,"href":"https:\/\/archive.sana.sy\/tr\/index.php?rest_route=%2Fwp%2Fv2%2Fcategories&post=250412"},{"taxonomy":"post_tag","embeddable":true,"href":"https:\/\/archive.sana.sy\/tr\/index.php?rest_route=%2Fwp%2Fv2%2Ftags&post=250412"}],"curies":[{"name":"wp","href":"https:\/\/api.w.org\/{rel}","templated":true}]}}