{"id":250471,"date":"2022-02-25T13:57:52","date_gmt":"2022-02-25T11:57:52","guid":{"rendered":"http:\/\/107.6.182.27\/tr\/?p=250471"},"modified":"2022-02-27T08:31:10","modified_gmt":"2022-02-27T06:31:10","slug":"esad-putin-ile-telefon-gorusmesinde-suriye-ve-rus-ordularinin-karsi-karsiya-oldugu-dusman-tektir","status":"publish","type":"post","link":"https:\/\/archive.sana.sy\/tr\/?p=250471","title":{"rendered":"Esad, Putin \u0130le Telefon G\u00f6r\u00fc\u015fmesinde: Suriye ve Rus Ordular\u0131n\u0131n Kar\u015f\u0131 Kar\u015f\u0131ya Oldu\u011fu D\u00fc\u015fman Tektir"},"content":{"rendered":"<p>\u015eAM \u2013 Cumhurba\u015fkan\u0131 Be\u015f\u015far Esad bug\u00fcn, Rusya Devlet Ba\u015fkan\u0131 Vladimir Putin ile telefon g\u00f6r\u00fc\u015fmesi yapt\u0131.<\/p>\n<p>G\u00f6r\u00fc\u015fmede Ukrayna&#8217;daki durum ve Rusya Federasyonu&#8217;nun Donbass b\u00f6lgesindeki sivil n\u00fcfusu korumak i\u00e7in ger\u00e7ekle\u015ftirdi\u011fi \u00f6zel askeri operasyon hakk\u0131nda konu\u015ftular.<\/p>\n<p>Cumhurba\u015fkan\u0131 Esad, bug\u00fcn ya\u015fananlar\u0131n bir tarihin d\u00fczeltilmesi ve Sovyetler Birli\u011fi&#8217;nin da\u011f\u0131lmas\u0131ndan sonra kaybetti\u011fi d\u00fcnyaya yeniden denge sa\u011flanmas\u0131 oldu\u011funu vurgulad\u0131.<\/p>\n<p>Cumhurba\u015fkan\u0131 Esad, bug\u00fcn Rusya&#8217;n\u0131n sadece kendini de\u011fil, d\u00fcnyay\u0131, adalet ve insanl\u0131k ilkelerini de savundu\u011funu g\u00f6z \u00f6n\u00fcnde bulundurarak, Bat\u0131 histerisinin, sadece kanun ka\u00e7aklar\u0131n\u0131n pe\u015finde oldu\u011fu kaosun ad\u0131na tarihi yanl\u0131\u015f yerde tutmak i\u00e7in geldi\u011fine i\u015faret etti.<\/p>\n<p>Cumhurba\u015fkan\u0131 Esad, &#8220;Bat\u0131l\u0131 \u00fclkeler, halklar\u0131 kontrol etmeye y\u00f6nelik politikalar\u0131n\u0131n bir sonucu olarak kaos ve kan d\u00f6k\u00fclmesinin sorumlulu\u011funu ta\u015f\u0131yor, \u00e7\u00fcnk\u00fc bu \u00fclkeler kirli y\u00f6ntemlerini Suriye&#8217;de ter\u00f6ristleri ve Ukrayna&#8217;da ve d\u00fcnyan\u0131n \u00e7e\u015fitli yerlerinde Nazileri desteklemek i\u00e7in kullan\u0131yorlar\u201d dedi.<\/p>\n<p>Cumhurba\u015fkan\u0131 Esad ayr\u0131ca, Suriye&#8217;nin konumunun do\u011frulu\u011funa olan inanc\u0131na dayanarak Rusya Federasyonu&#8217;nun yan\u0131nda oldu\u011funu, ve NATO geni\u015flemesine kar\u015f\u0131 \u00e7\u0131kmak Rusya&#8217;n\u0131n hakk\u0131 oldu\u011funu, \u00e7\u00fcnk\u00fc NATO\u2019nun d\u00fcnya i\u00e7in k\u00fcresel bir tehdit haline geldi\u011fini ve Bat\u0131l\u0131 \u00fclkelerin d\u00fcnyay\u0131 istikrars\u0131zla\u015ft\u0131rmaya y\u00f6nelik sorumsuz politikalar\u0131na ula\u015fmak i\u00e7in bir araca d\u00f6n\u00fc\u015ft\u00fc\u011f\u00fcn\u00fc vurgulad\u0131.<\/p>\n<p>Cumhurba\u015fkan\u0131 Esad, Suriye ve Rus ordular\u0131n\u0131n kar\u015f\u0131 kar\u015f\u0131ya oldu\u011fu d\u00fc\u015fman tektir, Suriye&#8217;de a\u015f\u0131r\u0131l\u0131k\u00e7\u0131l\u0131k ve Ukrayna&#8217;da Nazizm olarak de\u011ferlendirdi.<\/p>\n<p>Cumhurba\u015fkan\u0131 Esad, Rusya Federasyonu&#8217;nun d\u00fcnyaya, b\u00fcy\u00fck \u00fclkelerin sadece askeri g\u00fc\u00e7leri ile de\u011fil, hukuka, y\u00fcksek ahlaka ve insani ilkelere sayg\u0131l\u0131 olduklar\u0131 konusunda b\u00fcy\u00fck bir ders verece\u011fine dikkati \u00e7ekti.<\/p>\n<p>Ba\u015fkan Putin, Donbass&#8217;taki \u00f6zel askeri operasyonun istikrar\u0131 yeniden sa\u011flamay\u0131 ve oradaki n\u00fcfusun son sekiz y\u0131lda maruz kald\u0131klar\u0131 ac\u0131lar\u0131 durdurmay\u0131 ama\u00e7lad\u0131\u011f\u0131n\u0131 vurgulad\u0131.<\/p>\n<p>Ba\u015fkan Putin, \u00dclkesinin ge\u00e7ti\u011fimiz y\u0131llarda m\u00fczakerelere ve diplomasiye ba\u011f\u0131ml\u0131 kald\u0131\u011f\u0131n\u0131 ve Bat\u0131l\u0131 efendilerinin deste\u011fiyle Ukrayna makamlar\u0131n\u0131n iki \u00fclkenin parlamentolar\u0131 taraf\u0131ndan onaylanan anla\u015fmalara uymad\u0131klar\u0131n\u0131 a\u00e7\u0131klamas\u0131na ve Donetsk ve Lugansk cumhuriyetlerinin askeri destek sa\u011flama talebinde bulunmalar\u0131ndan sonras\u0131na kadar g\u00fc\u00e7 kullanma karar\u0131 almad\u0131\u011f\u0131n\u0131 kaydetti.<\/p>\n","protected":false},"excerpt":{"rendered":"<p>\u015eAM \u2013 Cumhurba\u015fkan\u0131 Be\u015f\u015far Esad bug\u00fcn, Rusya Devlet Ba\u015fkan\u0131 Vladimir Putin ile telefon g\u00f6r\u00fc\u015fmesi yapt\u0131. G\u00f6r\u00fc\u015fmede Ukrayna&#8217;daki durum ve Rusya Federasyonu&#8217;nun Donbass b\u00f6lgesindeki sivil n\u00fcfusu korumak i\u00e7in ger\u00e7ekle\u015ftirdi\u011fi \u00f6zel askeri operasyon hakk\u0131nda konu\u015ftular. Cumhurba\u015fkan\u0131 Esad, bug\u00fcn ya\u015fananlar\u0131n bir tarihin d\u00fczeltilmesi ve Sovyetler Birli\u011fi&#8217;nin da\u011f\u0131lmas\u0131ndan sonra kaybetti\u011fi d\u00fcnyaya yeniden denge sa\u011flanmas\u0131 oldu\u011funu vurgulad\u0131. Cumhurba\u015fkan\u0131 Esad, bug\u00fcn &hellip;<\/p>\n","protected":false},"author":36,"featured_media":250472,"comment_status":"closed","ping_status":"closed","sticky":false,"template":"","format":"standard","meta":{"footnotes":""},"categories":[606,479,605,17988,478],"tags":[],"class_list":["post-250471","post","type-post","status-publish","format-standard","has-post-thumbnail","","category-cumhurbaskani","category-haberler-yerel","category-sayin-cumhurbaskani","category-son-haberler","category-yerel"],"_links":{"self":[{"href":"https:\/\/archive.sana.sy\/tr\/index.php?rest_route=\/wp\/v2\/posts\/250471","targetHints":{"allow":["GET"]}}],"collection":[{"href":"https:\/\/archive.sana.sy\/tr\/index.php?rest_route=\/wp\/v2\/posts"}],"about":[{"href":"https:\/\/archive.sana.sy\/tr\/index.php?rest_route=\/wp\/v2\/types\/post"}],"author":[{"embeddable":true,"href":"https:\/\/archive.sana.sy\/tr\/index.php?rest_route=\/wp\/v2\/users\/36"}],"replies":[{"embeddable":true,"href":"https:\/\/archive.sana.sy\/tr\/index.php?rest_route=%2Fwp%2Fv2%2Fcomments&post=250471"}],"version-history":[{"count":0,"href":"https:\/\/archive.sana.sy\/tr\/index.php?rest_route=\/wp\/v2\/posts\/250471\/revisions"}],"wp:featuredmedia":[{"embeddable":true,"href":"https:\/\/archive.sana.sy\/tr\/index.php?rest_route=\/wp\/v2\/media\/250472"}],"wp:attachment":[{"href":"https:\/\/archive.sana.sy\/tr\/index.php?rest_route=%2Fwp%2Fv2%2Fmedia&parent=250471"}],"wp:term":[{"taxonomy":"category","embeddable":true,"href":"https:\/\/archive.sana.sy\/tr\/index.php?rest_route=%2Fwp%2Fv2%2Fcategories&post=250471"},{"taxonomy":"post_tag","embeddable":true,"href":"https:\/\/archive.sana.sy\/tr\/index.php?rest_route=%2Fwp%2Fv2%2Ftags&post=250471"}],"curies":[{"name":"wp","href":"https:\/\/api.w.org\/{rel}","templated":true}]}}