{"id":25052,"date":"2015-02-28T12:44:52","date_gmt":"2015-02-28T10:44:52","guid":{"rendered":"http:\/\/www.sana.sy\/tr\/?p=25052"},"modified":"2015-02-28T12:44:52","modified_gmt":"2015-02-28T10:44:52","slug":"askeri-kaynak-ordu-birliklerimizin-kunaytra-kirsali-neb-el-sahr-tel-mesharanin-dogusunda-ki-ormanlik-alan-ve-tel-bezzakta-teroristlerin-toplanma-merkezlerine-basarili-ati","status":"publish","type":"post","link":"https:\/\/archive.sana.sy\/tr\/?p=25052","title":{"rendered":"Askeri kaynak, ordu birliklerimizin Kunaytra k\u0131rsal\u0131 Neb\u2019 el Sahr, Tel Meshara\u2019n\u0131n  do\u011fusunda ki ormanl\u0131k alan ve Tel Bezzak\u2019ta ter\u00f6ristlerin toplanma merkezlerine ba\u015far\u0131l\u0131 at\u0131\u015flar d\u00fczenleyerek \u00e7ok say\u0131da ter\u00f6risti \u00f6l\u00fc ve yaral\u0131 d\u00fc\u015f\u00fcrd\u00fcklerini baz\u0131 ara\u00e7lar\u0131n\u0131 da imha ettiklerini s\u00f6yledi."},"content":{"rendered":"<p>Askeri kaynak, ordu birliklerimizin Kunaytra k\u0131rsal\u0131 Neb\u2019 el Sahr, Tel Meshara\u2019n\u0131n \u00a0do\u011fusunda ki ormanl\u0131k alan ve Tel Bezzak\u2019ta ter\u00f6ristlerin toplanma merkezlerine ba\u015far\u0131l\u0131 at\u0131\u015flar d\u00fczenleyerek \u00e7ok say\u0131da ter\u00f6risti \u00f6l\u00fc ve yaral\u0131 d\u00fc\u015f\u00fcrd\u00fcklerini baz\u0131 ara\u00e7lar\u0131n\u0131 da imha ettiklerini s\u00f6yledi.<\/p>\n","protected":false},"excerpt":{"rendered":"<p>Askeri kaynak, ordu birliklerimizin Kunaytra k\u0131rsal\u0131 Neb\u2019 el Sahr, Tel Meshara\u2019n\u0131n \u00a0do\u011fusunda ki ormanl\u0131k alan ve Tel Bezzak\u2019ta ter\u00f6ristlerin toplanma merkezlerine ba\u015far\u0131l\u0131 at\u0131\u015flar d\u00fczenleyerek \u00e7ok say\u0131da ter\u00f6risti \u00f6l\u00fc ve yaral\u0131 d\u00fc\u015f\u00fcrd\u00fcklerini baz\u0131 ara\u00e7lar\u0131n\u0131 da imha ettiklerini s\u00f6yledi.<\/p>\n","protected":false},"author":1,"featured_media":0,"comment_status":"closed","ping_status":"closed","sticky":false,"template":"","format":"standard","meta":{"footnotes":""},"categories":[1],"tags":[1031,7760,11934],"class_list":["post-25052","post","type-post","status-publish","format-standard","","category-news-not-sorted","tag-askeri-kaynak","tag-ordu-birliklerimizin-kunaytra-kirsali-neb-el-sahr","tag-tel-mesharanin-dogusunda-ki-ormanlik-alan-ve-tel-bezzakta-teroristlerin-toplanma-merkezlerine-basarili-atislar-duzenleyerek-cok-sayida-teroristi-olu-ve-yarali-dusurduklerini-bazi-ara"],"_links":{"self":[{"href":"https:\/\/archive.sana.sy\/tr\/index.php?rest_route=\/wp\/v2\/posts\/25052","targetHints":{"allow":["GET"]}}],"collection":[{"href":"https:\/\/archive.sana.sy\/tr\/index.php?rest_route=\/wp\/v2\/posts"}],"about":[{"href":"https:\/\/archive.sana.sy\/tr\/index.php?rest_route=\/wp\/v2\/types\/post"}],"author":[{"embeddable":true,"href":"https:\/\/archive.sana.sy\/tr\/index.php?rest_route=\/wp\/v2\/users\/1"}],"replies":[{"embeddable":true,"href":"https:\/\/archive.sana.sy\/tr\/index.php?rest_route=%2Fwp%2Fv2%2Fcomments&post=25052"}],"version-history":[{"count":0,"href":"https:\/\/archive.sana.sy\/tr\/index.php?rest_route=\/wp\/v2\/posts\/25052\/revisions"}],"wp:attachment":[{"href":"https:\/\/archive.sana.sy\/tr\/index.php?rest_route=%2Fwp%2Fv2%2Fmedia&parent=25052"}],"wp:term":[{"taxonomy":"category","embeddable":true,"href":"https:\/\/archive.sana.sy\/tr\/index.php?rest_route=%2Fwp%2Fv2%2Fcategories&post=25052"},{"taxonomy":"post_tag","embeddable":true,"href":"https:\/\/archive.sana.sy\/tr\/index.php?rest_route=%2Fwp%2Fv2%2Ftags&post=25052"}],"curies":[{"name":"wp","href":"https:\/\/api.w.org\/{rel}","templated":true}]}}