{"id":25054,"date":"2015-02-28T12:49:52","date_gmt":"2015-02-28T10:49:52","guid":{"rendered":"http:\/\/www.sana.sy\/tr\/?p=25054"},"modified":"2015-02-28T12:47:23","modified_gmt":"2015-02-28T10:47:23","slug":"askeri-kaynak-ordu-birliklerimizin-dera-kirsali-kefar-nasec-tel-el-hara-ve-tel-anterin-guneydogusunda-cok-sayida-teroristi-oldurerek-bazi-araclarini-da-imha-ettiklerini-belirtti","status":"publish","type":"post","link":"https:\/\/archive.sana.sy\/tr\/?p=25054","title":{"rendered":"Askeri kaynak, ordu birliklerimizin Dera k\u0131rsal\u0131 Kefar Nasec, Tel el Hara, ve Tel Anter\u2019in g\u00fcneydo\u011fusunda \u00e7ok say\u0131da ter\u00f6risti \u00f6ld\u00fcrerek  baz\u0131 ara\u00e7lar\u0131n\u0131 da imha ettiklerini belirtti."},"content":{"rendered":"<p>Askeri kaynak, ordu birliklerimizin Dera k\u0131rsal\u0131 Kefar Nasec, Tel el Hara, ve Tel Anter\u2019in g\u00fcneydo\u011fusunda \u00e7ok say\u0131da ter\u00f6risti \u00f6ld\u00fcrerek \u00a0baz\u0131 ara\u00e7lar\u0131n\u0131 da imha ettiklerini belirtti.<\/p>\n","protected":false},"excerpt":{"rendered":"<p>Askeri kaynak, ordu birliklerimizin Dera k\u0131rsal\u0131 Kefar Nasec, Tel el Hara, ve Tel Anter\u2019in g\u00fcneydo\u011fusunda \u00e7ok say\u0131da ter\u00f6risti \u00f6ld\u00fcrerek \u00a0baz\u0131 ara\u00e7lar\u0131n\u0131 da imha ettiklerini belirtti.<\/p>\n","protected":false},"author":1,"featured_media":0,"comment_status":"closed","ping_status":"closed","sticky":false,"template":"","format":"standard","meta":{"footnotes":""},"categories":[1],"tags":[1031,11935,3236,11936],"class_list":["post-25054","post","type-post","status-publish","format-standard","","category-news-not-sorted","tag-askeri-kaynak","tag-ordu-birliklerimizin-dera-kirsali-kefar-nasec","tag-tel-el-hara","tag-ve-tel-anterin-guneydogusunda-cok-sayida-teroristi-oldurerek-bazi-araclarini-da-imha-ettiklerini-belirtti"],"_links":{"self":[{"href":"https:\/\/archive.sana.sy\/tr\/index.php?rest_route=\/wp\/v2\/posts\/25054","targetHints":{"allow":["GET"]}}],"collection":[{"href":"https:\/\/archive.sana.sy\/tr\/index.php?rest_route=\/wp\/v2\/posts"}],"about":[{"href":"https:\/\/archive.sana.sy\/tr\/index.php?rest_route=\/wp\/v2\/types\/post"}],"author":[{"embeddable":true,"href":"https:\/\/archive.sana.sy\/tr\/index.php?rest_route=\/wp\/v2\/users\/1"}],"replies":[{"embeddable":true,"href":"https:\/\/archive.sana.sy\/tr\/index.php?rest_route=%2Fwp%2Fv2%2Fcomments&post=25054"}],"version-history":[{"count":0,"href":"https:\/\/archive.sana.sy\/tr\/index.php?rest_route=\/wp\/v2\/posts\/25054\/revisions"}],"wp:attachment":[{"href":"https:\/\/archive.sana.sy\/tr\/index.php?rest_route=%2Fwp%2Fv2%2Fmedia&parent=25054"}],"wp:term":[{"taxonomy":"category","embeddable":true,"href":"https:\/\/archive.sana.sy\/tr\/index.php?rest_route=%2Fwp%2Fv2%2Fcategories&post=25054"},{"taxonomy":"post_tag","embeddable":true,"href":"https:\/\/archive.sana.sy\/tr\/index.php?rest_route=%2Fwp%2Fv2%2Ftags&post=25054"}],"curies":[{"name":"wp","href":"https:\/\/api.w.org\/{rel}","templated":true}]}}